{"id":11198,"date":"2021-06-07T20:56:55","date_gmt":"2021-06-07T18:56:55","guid":{"rendered":"https:\/\/gesamtschule-waldbroel.de\/wp\/?p=11198"},"modified":"2025-05-12T09:38:14","modified_gmt":"2025-05-12T07:38:14","slug":"morgenmacher-2021-netzwerk-zukunftsschulen-mit-schuelerinnen-studie","status":"publish","type":"post","link":"https:\/\/gesamtschule-waldbroel.de\/wp\/2021\/06\/07\/morgenmacher-2021-netzwerk-zukunftsschulen-mit-schuelerinnen-studie\/","title":{"rendered":"MorgenMacher 2021 &#8211; Netzwerk Zukunftsschulen mit Sch\u00fcler*innen-Studie"},"content":{"rendered":"<p>Seit dem Jahr 2018 arbeiten wir mit dem Dietrich-Bonhoeffer-Gymnasium Wiehl und der Sekundarschule TOB Bielstein im Rahmen des Netzwerkes \u201eLernkultur Individuelle F\u00f6rderung \u2013 Zukunftsschulen NRW\u201c zusammen. Unsere Zusammenarbeit wurde 2019 durch die Unterzeichnung eines Kooperationsvertrages besiegelt.<\/p>\n<p>Nun f\u00fchrt der Netzwerkverbund in Zusammenarbeit mit dem Jugendforscher Simon Schnetzer, der mit seiner Studie Junge Deutsche (https:\/\/jungedeutsche.de) schon gro\u00dfe mediale Aufmerksamkeit gewinnen konnte, die Sch\u00fcler*innen-Studie MorgenMacher 2021 durch.<\/p>\n<p>Die Studie richtet sich an Sch\u00fcler*innen der Jahrgangsstufen 8-12\/Q1 und besch\u00e4ftigt sich mit der Innenansicht der Lebenssituation junger Menschen in unserer Region. Ziel des Netzwerkverbund ist es, mithilfe der Ergebnisse der Studie den Bed\u00fcrfnissen junger Menschen im oberbergischen S\u00fcdkreis gerecht zu werden und die Ergebnisse f\u00fcr die weitere p\u00e4dagogische, aber auch kommunale Arbeit nutzen zu k\u00f6nnen. Aus diesem Grund wird die Studie auch von den Kommunen Wiehl und Waldbr\u00f6l unterst\u00fctzt. Unser Dank gilt daher ausdr\u00fccklich auch B\u00fcrgermeisterin Larissa Weber.<\/p>\n<p>Die Sch\u00fcler*innen nehmen in den KL-Stunden an der Studie teil. Die Anonymit\u00e4t aller Teilnehmer*innen bleibt durchgehend gewahrt. Mehr Informationen finden Sie im folgenden Sch\u00fcler*innenbrief.<\/p>\n<p><a class=\"link-to-pdf\" title=\"MorgenMacher Sch\u00fclerInnen Elternbrief\" href=\"https:\/\/gesamtschule-waldbroel.de\/wp\/wp-content\/uploads\/2021\/06\/MorgenMacher_SchuelerInnen_Elternbrief.pdf\" target=\"_blank\" rel=\"attachment noopener wp-att-11200\"><\/a><\/p>\n","protected":false},"excerpt":{"rendered":"<p>Seit dem Jahr 2018 arbeiten wir mit dem Dietrich-Bonhoeffer-Gymnasium Wiehl und der Sekundarschule TOB Bielstein im Rahmen des Netzwerkes \u201eLernkultur Individuelle F\u00f6rderung \u2013 Zukunftsschulen NRW\u201c zusammen. Unsere Zusammenarbeit wurde 2019 durch die Unterzeichnung eines Kooperationsvertrages besiegelt. Nun f\u00fchrt der Netzwerkverbund in Zusammenarbeit mit dem Jugendforscher Simon Schnetzer, der mit seiner Studie Junge Deutsche (https:\/\/jungedeutsche.de) schon  [mehr&#8230;]<\/p>\n","protected":false},"author":1,"featured_media":11199,"comment_status":"closed","ping_status":"open","sticky":false,"template":"","format":"standard","meta":{"xn-wppe-expiration":[],"xn-wppe-expiration-action":[],"xn-wppe-expiration-prefix":[],"footnotes":""},"categories":[20,12,146,21],"tags":[],"class_list":["post-11198","post","type-post","status-publish","format-standard","has-post-thumbnail","hentry","category-abteilung-ii","category-aktuelles","category-berufsorientierung","category-oberstufe"],"aioseo_notices":[],"_links":{"self":[{"href":"https:\/\/gesamtschule-waldbroel.de\/wp\/wp-json\/wp\/v2\/posts\/11198","targetHints":{"allow":["GET"]}}],"collection":[{"href":"https:\/\/gesamtschule-waldbroel.de\/wp\/wp-json\/wp\/v2\/posts"}],"about":[{"href":"https:\/\/gesamtschule-waldbroel.de\/wp\/wp-json\/wp\/v2\/types\/post"}],"author":[{"embeddable":true,"href":"https:\/\/gesamtschule-waldbroel.de\/wp\/wp-json\/wp\/v2\/users\/1"}],"replies":[{"embeddable":true,"href":"https:\/\/gesamtschule-waldbroel.de\/wp\/wp-json\/wp\/v2\/comments?post=11198"}],"version-history":[{"count":2,"href":"https:\/\/gesamtschule-waldbroel.de\/wp\/wp-json\/wp\/v2\/posts\/11198\/revisions"}],"predecessor-version":[{"id":16400,"href":"https:\/\/gesamtschule-waldbroel.de\/wp\/wp-json\/wp\/v2\/posts\/11198\/revisions\/16400"}],"wp:featuredmedia":[{"embeddable":true,"href":"https:\/\/gesamtschule-waldbroel.de\/wp\/wp-json\/wp\/v2\/media\/11199"}],"wp:attachment":[{"href":"https:\/\/gesamtschule-waldbroel.de\/wp\/wp-json\/wp\/v2\/media?parent=11198"}],"wp:term":[{"taxonomy":"category","embeddable":true,"href":"https:\/\/gesamtschule-waldbroel.de\/wp\/wp-json\/wp\/v2\/categories?post=11198"},{"taxonomy":"post_tag","embeddable":true,"href":"https:\/\/gesamtschule-waldbroel.de\/wp\/wp-json\/wp\/v2\/tags?post=11198"}],"curies":[{"name":"wp","href":"https:\/\/api.w.org\/{rel}","templated":true}]}}