{"id":14153,"date":"2023-11-05T15:50:51","date_gmt":"2023-11-05T14:50:51","guid":{"rendered":"https:\/\/gesamtschule-waldbroel.de\/wp\/?p=14153"},"modified":"2023-11-05T15:50:51","modified_gmt":"2023-11-05T14:50:51","slug":"europa-entdecken-gesamtschuelerinnen-erforschten-auslandsmoeglichkeiten-nach-dem-schulabschluss","status":"publish","type":"post","link":"https:\/\/gesamtschule-waldbroel.de\/wp\/2023\/11\/05\/europa-entdecken-gesamtschuelerinnen-erforschten-auslandsmoeglichkeiten-nach-dem-schulabschluss\/","title":{"rendered":"Europa entdecken: Gesamtsch\u00fcler:innen erforschten Auslandsm\u00f6glichkeiten nach dem Schulabschluss"},"content":{"rendered":"<p>Nach den Herbstferien stand an der Gesamtschule Waldbr\u00f6l alles im Zeichen Europas. In einer spannenden Projektwoche setzten sich die Sch\u00fcler:innen intensiv mit dem vielf\u00e4ltigen Kontinent auseinander und erkundeten M\u00f6glichkeiten, wie sie nach dem Schulabschluss Zeit im Ausland verbringen k\u00f6nnen.<\/p>\n<p>Im Projekt &#8222;Schule aus &#8211; auf nach Europa!&#8220; tauchten die Projektteilnehmer:innen tief in die Welt der internationalen M\u00f6glichkeiten ein. Die Sch\u00fcler:innen recherchierten und diskutierten \u00fcber verschiedene Optionen wie Freiwilligendienste, Work&amp;Travel, Au-Pair, Camp Counseling und Studieren im Ausland.<\/p>\n<p>Besonders bereichernd waren die zahlreichen Videos und Audios von jungen Menschen, die den Projektteilnehmer:innen Einblicke in ihre pers\u00f6nlichen Erfahrungen im Ausland gaben. Unter ihnen waren auch einige ehemalige Sch\u00fcler:innen der Gesamtschule, die ihre Erlebnisse und Tipps teilten.<\/p>\n<p>Die Organisation &#8222;Weltw\u00e4rts&#8220; informierte die Projektteilnehmer:innen ausf\u00fchrlich \u00fcber Freiwilligendienste und die vielf\u00e4ltigen Chancen, die sich durch ein Engagement im Ausland er\u00f6ffnen k\u00f6nnen. Aber auch w\u00e4hrend der Ausbildung gibt es M\u00f6glichkeiten, internationale Erfahrungen zu sammeln. Azubis der Firmen Kampf und GCHeat berichteten den Projektteilnehmer:innen von ihren Auslandserfahrungen vor und w\u00e4hrend ihrer Ausbildungszeit. Sie betonten, dass dies eine wertvolle Chance ist, von der leider nur wenige Auszubildende wissen.<\/p>\n<p>Zum Abschluss der Projektwoche gestalteten die Teilnehmer:innen ein Ebook, um \u00fcber die unterschiedlichen M\u00f6glichkeiten von Auslandsaufenthalten zu informieren.<\/p>\n<p>Die Projektwoche war somit nicht nur eine Reise durch Europa, sondern auch eine Entdeckungsreise zu den vielen M\u00f6glichkeiten, die sich jungen Menschen nach dem Schulabschluss bieten.<\/p>\n<p>Das entstandene Ebook (online, Canva): https:\/\/bit.ly\/407AfRX<\/p>\n<p>Das entstandene Ebook (pdf):<\/p>\n<a href=\"https:\/\/gesamtschule-waldbroel.de\/wp\/wp-content\/uploads\/2023\/11\/Ebook-Auf-ins-Ausland.pdf\" class=\"pdfemb-viewer\" style=\"width:680px;\" data-width=\"680\" data-height=\"max\" data-toolbar=\"top\" data-toolbar-fixed=\"off\">Ebook ,,Auf Ins Ausland<\/a>\n<div class=\"wpmf-gallerys wpmf-gallerys-life \" ><div id=\"gallery-1\"\n data-gutter-width=\"5\"\n  data-wpmfcolumns=\"3\" class=\"wpmf-gallery gallery-link-post gallery_life gallery-masonry gallery-columns-3 gallery-size-large wpmf-gallery-bottomspace-default wpmf-gallery-clear wpmf-has-border-radius-0 wpmf-gutterwidth-5\"><div class=\"wpmf-gallery-item\n     wpmf-gallery-item-position-0 wpmf-gallery-item-attachment-14156\" data-index=\"0\"><div class=\"wpmf-gallery-icon\"><a class=\" not_video noLightbox\" data-lightbox=\"0\" data-href=\"https:\/\/gesamtschule-waldbroel.de\/wp\/wp-content\/uploads\/2023\/11\/MicrosoftTeams-image-13-scaled.jpg\" title=\"MicrosoftTeams Image (13)\" target=\"_self\" data-index=\"0\"><img decoding=\"async\" class=\"lazyload wpmf_img\" alt=\"MicrosoftTeams Image (13)\" src=\"data:image\/svg+xml,%3Csvg%20xmlns%3D%27http%3A%2F%2Fwww.w3.org%2F2000%2Fsvg%27%20width%3D%272560%27%20height%3D%271758%27%20viewBox%3D%270%200%202560%201758%27%3E%3Crect%20width%3D%272560%27%20height%3D%271758%27%20fill-opacity%3D%220%22%2F%3E%3C%2Fsvg%3E\" data-orig-src=\"https:\/\/gesamtschule-waldbroel.de\/wp\/wp-content\/uploads\/2023\/11\/MicrosoftTeams-image-13-scaled.jpg\" data-type=\"wpmfgalleryimg\" data-attachment-id=\"14156\" data-wpmf-size=\"large\" data-lazy-src=\"https:\/\/gesamtschule-waldbroel.de\/wp\/wp-content\/uploads\/2023\/11\/MicrosoftTeams-image-13-scaled.jpg\"><\/a><\/div><\/div><div class=\"wpmf-gallery-item\n     wpmf-gallery-item-position-1 wpmf-gallery-item-attachment-14154\" data-index=\"1\"><div class=\"wpmf-gallery-icon\"><a class=\" not_video noLightbox\" data-lightbox=\"0\" data-href=\"https:\/\/gesamtschule-waldbroel.de\/wp\/wp-content\/uploads\/2023\/11\/MicrosoftTeams-image-14-scaled.jpg\" title=\"MicrosoftTeams Image (14)\" target=\"_self\" data-index=\"1\"><img decoding=\"async\" class=\"lazyload wpmf_img\" alt=\"MicrosoftTeams Image (14)\" src=\"data:image\/svg+xml,%3Csvg%20xmlns%3D%27http%3A%2F%2Fwww.w3.org%2F2000%2Fsvg%27%20width%3D%272560%27%20height%3D%271920%27%20viewBox%3D%270%200%202560%201920%27%3E%3Crect%20width%3D%272560%27%20height%3D%271920%27%20fill-opacity%3D%220%22%2F%3E%3C%2Fsvg%3E\" data-orig-src=\"https:\/\/gesamtschule-waldbroel.de\/wp\/wp-content\/uploads\/2023\/11\/MicrosoftTeams-image-14-scaled.jpg\" data-type=\"wpmfgalleryimg\" data-attachment-id=\"14154\" data-wpmf-size=\"large\" data-lazy-src=\"https:\/\/gesamtschule-waldbroel.de\/wp\/wp-content\/uploads\/2023\/11\/MicrosoftTeams-image-14-scaled.jpg\"><\/a><\/div><\/div><div class=\"wpmf-gallery-item\n     wpmf-gallery-item-position-2 wpmf-gallery-item-attachment-14155\" data-index=\"2\"><div class=\"wpmf-gallery-icon\"><a class=\" not_video noLightbox\" data-lightbox=\"0\" data-href=\"https:\/\/gesamtschule-waldbroel.de\/wp\/wp-content\/uploads\/2023\/11\/MicrosoftTeams-image-15-scaled.jpg\" title=\"MicrosoftTeams Image (15)\" target=\"_self\" data-index=\"2\"><img decoding=\"async\" class=\"lazyload wpmf_img\" alt=\"MicrosoftTeams Image (15)\" src=\"data:image\/svg+xml,%3Csvg%20xmlns%3D%27http%3A%2F%2Fwww.w3.org%2F2000%2Fsvg%27%20width%3D%271920%27%20height%3D%272560%27%20viewBox%3D%270%200%201920%202560%27%3E%3Crect%20width%3D%271920%27%20height%3D%272560%27%20fill-opacity%3D%220%22%2F%3E%3C%2Fsvg%3E\" data-orig-src=\"https:\/\/gesamtschule-waldbroel.de\/wp\/wp-content\/uploads\/2023\/11\/MicrosoftTeams-image-15-scaled.jpg\" data-type=\"wpmfgalleryimg\" data-attachment-id=\"14155\" data-wpmf-size=\"large\" data-lazy-src=\"https:\/\/gesamtschule-waldbroel.de\/wp\/wp-content\/uploads\/2023\/11\/MicrosoftTeams-image-15-scaled.jpg\"><\/a><\/div><\/div><div class=\"wpmf-gallery-item\n     wpmf-gallery-item-position-3 wpmf-gallery-item-attachment-14157\" data-index=\"3\"><div class=\"wpmf-gallery-icon\"><a class=\" not_video noLightbox\" data-lightbox=\"0\" data-href=\"https:\/\/gesamtschule-waldbroel.de\/wp\/wp-content\/uploads\/2023\/11\/MicrosoftTeams-image-16-scaled.jpg\" title=\"MicrosoftTeams Image (16)\" target=\"_self\" data-index=\"3\"><img decoding=\"async\" class=\"lazyload wpmf_img\" alt=\"MicrosoftTeams Image (16)\" src=\"data:image\/svg+xml,%3Csvg%20xmlns%3D%27http%3A%2F%2Fwww.w3.org%2F2000%2Fsvg%27%20width%3D%271920%27%20height%3D%272560%27%20viewBox%3D%270%200%201920%202560%27%3E%3Crect%20width%3D%271920%27%20height%3D%272560%27%20fill-opacity%3D%220%22%2F%3E%3C%2Fsvg%3E\" data-orig-src=\"https:\/\/gesamtschule-waldbroel.de\/wp\/wp-content\/uploads\/2023\/11\/MicrosoftTeams-image-16-scaled.jpg\" data-type=\"wpmfgalleryimg\" data-attachment-id=\"14157\" data-wpmf-size=\"large\" data-lazy-src=\"https:\/\/gesamtschule-waldbroel.de\/wp\/wp-content\/uploads\/2023\/11\/MicrosoftTeams-image-16-scaled.jpg\"><\/a><\/div><\/div><div class=\"wpmf-gallery-item\n     wpmf-gallery-item-position-4 wpmf-gallery-item-attachment-14159\" data-index=\"4\"><div class=\"wpmf-gallery-icon\"><a class=\" not_video noLightbox\" data-lightbox=\"0\" data-href=\"https:\/\/gesamtschule-waldbroel.de\/wp\/wp-content\/uploads\/2023\/11\/MicrosoftTeams-image-17-scaled.jpg\" title=\"MicrosoftTeams Image (17)\" target=\"_self\" data-index=\"4\"><img decoding=\"async\" class=\"lazyload wpmf_img\" alt=\"MicrosoftTeams Image (17)\" src=\"data:image\/svg+xml,%3Csvg%20xmlns%3D%27http%3A%2F%2Fwww.w3.org%2F2000%2Fsvg%27%20width%3D%272560%27%20height%3D%271673%27%20viewBox%3D%270%200%202560%201673%27%3E%3Crect%20width%3D%272560%27%20height%3D%271673%27%20fill-opacity%3D%220%22%2F%3E%3C%2Fsvg%3E\" data-orig-src=\"https:\/\/gesamtschule-waldbroel.de\/wp\/wp-content\/uploads\/2023\/11\/MicrosoftTeams-image-17-scaled.jpg\" data-type=\"wpmfgalleryimg\" data-attachment-id=\"14159\" data-wpmf-size=\"large\" data-lazy-src=\"https:\/\/gesamtschule-waldbroel.de\/wp\/wp-content\/uploads\/2023\/11\/MicrosoftTeams-image-17-scaled.jpg\"><\/a><\/div><\/div><div class=\"wpmf-gallery-item\n     wpmf-gallery-item-position-5 wpmf-gallery-item-attachment-14158\" data-index=\"5\"><div class=\"wpmf-gallery-icon\"><a class=\" not_video noLightbox\" data-lightbox=\"0\" data-href=\"https:\/\/gesamtschule-waldbroel.de\/wp\/wp-content\/uploads\/2023\/11\/MicrosoftTeams-image-18-scaled.jpg\" title=\"MicrosoftTeams Image (18)\" target=\"_self\" data-index=\"5\"><img decoding=\"async\" class=\"lazyload wpmf_img\" alt=\"MicrosoftTeams Image (18)\" src=\"data:image\/svg+xml,%3Csvg%20xmlns%3D%27http%3A%2F%2Fwww.w3.org%2F2000%2Fsvg%27%20width%3D%272560%27%20height%3D%271721%27%20viewBox%3D%270%200%202560%201721%27%3E%3Crect%20width%3D%272560%27%20height%3D%271721%27%20fill-opacity%3D%220%22%2F%3E%3C%2Fsvg%3E\" data-orig-src=\"https:\/\/gesamtschule-waldbroel.de\/wp\/wp-content\/uploads\/2023\/11\/MicrosoftTeams-image-18-scaled.jpg\" data-type=\"wpmfgalleryimg\" data-attachment-id=\"14158\" data-wpmf-size=\"large\" data-lazy-src=\"https:\/\/gesamtschule-waldbroel.de\/wp\/wp-content\/uploads\/2023\/11\/MicrosoftTeams-image-18-scaled.jpg\"><\/a><\/div><\/div><div class=\"wpmf-gallery-item\n     wpmf-gallery-item-position-6 wpmf-gallery-item-attachment-14160\" data-index=\"6\"><div class=\"wpmf-gallery-icon\"><a class=\" not_video noLightbox\" data-lightbox=\"0\" data-href=\"https:\/\/gesamtschule-waldbroel.de\/wp\/wp-content\/uploads\/2023\/11\/MicrosoftTeams-image-19.jpg\" title=\"MicrosoftTeams Image (19)\" target=\"_self\" data-index=\"6\"><img decoding=\"async\" class=\"lazyload wpmf_img\" alt=\"MicrosoftTeams Image (19)\" src=\"data:image\/svg+xml,%3Csvg%20xmlns%3D%27http%3A%2F%2Fwww.w3.org%2F2000%2Fsvg%27%20width%3D%271876%27%20height%3D%272080%27%20viewBox%3D%270%200%201876%202080%27%3E%3Crect%20width%3D%271876%27%20height%3D%272080%27%20fill-opacity%3D%220%22%2F%3E%3C%2Fsvg%3E\" data-orig-src=\"https:\/\/gesamtschule-waldbroel.de\/wp\/wp-content\/uploads\/2023\/11\/MicrosoftTeams-image-19.jpg\" data-type=\"wpmfgalleryimg\" data-attachment-id=\"14160\" data-wpmf-size=\"large\" data-lazy-src=\"https:\/\/gesamtschule-waldbroel.de\/wp\/wp-content\/uploads\/2023\/11\/MicrosoftTeams-image-19.jpg\"><\/a><\/div><\/div><\/div><\/div>\n\n","protected":false},"excerpt":{"rendered":"<p>Nach den Herbstferien stand an der Gesamtschule Waldbr\u00f6l alles im Zeichen Europas. In einer spannenden Projektwoche setzten sich die Sch\u00fcler:innen intensiv mit dem vielf\u00e4ltigen Kontinent auseinander und erkundeten M\u00f6glichkeiten, wie sie nach dem Schulabschluss Zeit im Ausland verbringen k\u00f6nnen. Im Projekt &#8222;Schule aus &#8211; auf nach Europa!&#8220; tauchten die Projektteilnehmer:innen tief in die Welt der  [mehr&#8230;]<\/p>\n","protected":false},"author":1,"featured_media":14159,"comment_status":"closed","ping_status":"open","sticky":false,"template":"","format":"standard","meta":{"xn-wppe-expiration":[],"xn-wppe-expiration-action":[],"xn-wppe-expiration-prefix":[],"footnotes":""},"categories":[20,12,146,134,21,141],"tags":[],"class_list":["post-14153","post","type-post","status-publish","format-standard","has-post-thumbnail","hentry","category-abteilung-ii","category-aktuelles","category-berufsorientierung","category-gestaltung","category-oberstufe","category-schulentwicklung"],"aioseo_notices":[],"_links":{"self":[{"href":"https:\/\/gesamtschule-waldbroel.de\/wp\/wp-json\/wp\/v2\/posts\/14153","targetHints":{"allow":["GET"]}}],"collection":[{"href":"https:\/\/gesamtschule-waldbroel.de\/wp\/wp-json\/wp\/v2\/posts"}],"about":[{"href":"https:\/\/gesamtschule-waldbroel.de\/wp\/wp-json\/wp\/v2\/types\/post"}],"author":[{"embeddable":true,"href":"https:\/\/gesamtschule-waldbroel.de\/wp\/wp-json\/wp\/v2\/users\/1"}],"replies":[{"embeddable":true,"href":"https:\/\/gesamtschule-waldbroel.de\/wp\/wp-json\/wp\/v2\/comments?post=14153"}],"version-history":[{"count":1,"href":"https:\/\/gesamtschule-waldbroel.de\/wp\/wp-json\/wp\/v2\/posts\/14153\/revisions"}],"predecessor-version":[{"id":14162,"href":"https:\/\/gesamtschule-waldbroel.de\/wp\/wp-json\/wp\/v2\/posts\/14153\/revisions\/14162"}],"wp:featuredmedia":[{"embeddable":true,"href":"https:\/\/gesamtschule-waldbroel.de\/wp\/wp-json\/wp\/v2\/media\/14159"}],"wp:attachment":[{"href":"https:\/\/gesamtschule-waldbroel.de\/wp\/wp-json\/wp\/v2\/media?parent=14153"}],"wp:term":[{"taxonomy":"category","embeddable":true,"href":"https:\/\/gesamtschule-waldbroel.de\/wp\/wp-json\/wp\/v2\/categories?post=14153"},{"taxonomy":"post_tag","embeddable":true,"href":"https:\/\/gesamtschule-waldbroel.de\/wp\/wp-json\/wp\/v2\/tags?post=14153"}],"curies":[{"name":"wp","href":"https:\/\/api.w.org\/{rel}","templated":true}]}}