{"id":16822,"date":"2025-12-13T11:00:21","date_gmt":"2025-12-13T10:00:21","guid":{"rendered":"https:\/\/gesamtschule-waldbroel.de\/wp\/?p=16822"},"modified":"2025-12-13T11:00:21","modified_gmt":"2025-12-13T10:00:21","slug":"lichter-im-advent-2025-ein-abend-voller-kreativitaet-musik-und-gemeinschaft","status":"publish","type":"post","link":"https:\/\/gesamtschule-waldbroel.de\/wp\/2025\/12\/13\/lichter-im-advent-2025-ein-abend-voller-kreativitaet-musik-und-gemeinschaft\/","title":{"rendered":"\u201eLichter im Advent\u201c 2025 \u2013 Ein Abend voller Kreativit\u00e4t, Musik und Gemeinschaft"},"content":{"rendered":"<p data-start=\"444\" data-end=\"781\">Am 11. Dezember 2025 wurde die Gesamtschule erneut zu einem Ort, an dem Schule, Kunst und Gemeinschaft sp\u00fcrbar zusammenkamen. Mit zwei nahezu ausverkauften Auff\u00fchrungen um 16:30 Uhr und 18:30 Uhr bot \u201eLichter im Advent\u201c einen stimmungsvollen Jahresabschluss, der die Vielfalt schulischen Lebens auf der B\u00fchne sichtbar machte.<\/p>\n<p data-start=\"783\" data-end=\"1309\">Durch den Abend f\u00fchrten Nelli Leon, Jarla Lauff und Diola Dauti, die mit Humor, Leichtigkeit und sicherem Gesp\u00fcr f\u00fcr Timing durch das Programm leiteten und den vielen unterschiedlichen Beitr\u00e4gen einen klaren, freundlichen Rahmen gaben. Den Auftakt gestaltete die Bl\u00e4serklasse 7d unter der Leitung von Marcus Kanzler. Mit festlichen Arrangements wie <em data-start=\"1144\" data-end=\"1179\">\u201eRudolph, the Red-Nosed Reindeer\u201c<\/em> und <em data-start=\"1184\" data-end=\"1214\">\u201eCeltic Air and Dance No. 1\u201c<\/em> stellte sich von Beginn an jene ruhige, adventliche Stimmung ein, die den Abend tragen sollte.<\/p>\n<p data-start=\"1311\" data-end=\"2410\">Im Anschluss \u00fcbernahm die Band-AG, betreut von Teresa Clemens, die B\u00fchne. Mit sichtbarer Konzentration, viel Aufmerksamkeit f\u00fcreinander und sp\u00fcrbarer Spielfreude pr\u00e4sentierten die Sch\u00fcler:innen die St\u00fccke <em data-start=\"1524\" data-end=\"1536\">\u201eOrdinary\u201c<\/em> und <em data-start=\"1541\" data-end=\"1551\">\u201eZombie\u201c<\/em>. Der Auftritt wirkte geschlossen und ernsthaft gearbeitet und wurde vom Publikum aufmerksam und wertsch\u00e4tzend aufgenommen. Szenisch ging es weiter mit dem Profilkurs Darstellung und Gestalten 7, betreut von Francisca Orth und Nina Heinrichs. In <em data-start=\"1805\" data-end=\"1823\">\u201eDer Elternchat\u201c<\/em>, basierend auf einer Vorlage von Carolin Kebekus, nahm der Kurs digitale Kommunikation und famili\u00e4re Dynamiken pointiert und humorvoll in den Blick \u2013 mit hohem Wiedererkennungswert und vielen lachenden Gesichtern im Saal. F\u00fcr Bewegung und Leichtigkeit sorgte anschlie\u00dfend die Klasse 6a mit einem Linedance zu <em data-start=\"2141\" data-end=\"2159\">\u201eTexas Hold \u2019Em\u201c<\/em> und <em data-start=\"2164\" data-end=\"2182\">\u201eLast Christmas\u201c<\/em>, begleitet von ihren Klassenlehrer:innen Alina Pack, Ursula Frischmann-Wurm und Sascha Stelzer. Der Beitrag brachte Schwung in den Abend und zeigte, wie selbstverst\u00e4ndlich auch j\u00fcngere Sch\u00fcler:innen die B\u00fchne f\u00fcllen k\u00f6nnen.<\/p>\n<p data-start=\"2412\" data-end=\"3291\">Mit zwei Szenen aus <em data-start=\"2432\" data-end=\"2455\">\u201eAlice im Wunderland\u201c<\/em> entf\u00fchrte der Darstellung-und-Gestalten-Kurs 8 unter der Leitung von Kirsten Wallbaum und Teresa Clemens das Publikum in eine fantasievolle Welt. Die Szenen wirkten wie kurze Einblicke in eine gr\u00f6\u00dfere Geschichte und machten neugierig auf die vollst\u00e4ndige Auff\u00fchrung am 22. April. Es folgte die selbst entwickelte <em data-start=\"2781\" data-end=\"2839\">\u201eWichtelgeschichte \u2013 Ben und Holly \u2013 Roboter im Einsatz\u201c<\/em> des DG-Kurses 9, betreut von Georg M\u00fcnz und Francisca Orth. In zwei zusammengeh\u00f6rigen Teilen erz\u00e4hlten die Sch\u00fcler:innen mit viel Spielfreude und feinem Humor von Technisierung, Automatisierung und menschlichem Miteinander. Zwischen diesen beiden Szenen setzte der Alumni Axel Christ einen bewussten Ruhepunkt: Mit dem Klavierst\u00fcck <em data-start=\"3184\" data-end=\"3214\">\u201eThe Way Ahead Feels Lonely\u201c<\/em> von Caretaker schuf er einen stillen, konzentrierten Moment des Innehaltens.<\/p>\n<p data-start=\"3293\" data-end=\"4017\">Musikalisch wurde es danach wieder vielstimmig mit dem Sch\u00fcler:innen- und Lehrer:innen-Chor, ebenfalls betreut von Teresa Clemens. Mit <em data-start=\"3436\" data-end=\"3457\">\u201eUnder Winter Moon\u201c<\/em> und <em data-start=\"3462\" data-end=\"3478\">\u201eSweet Dreams\u201c<\/em> f\u00fcllte der Chor den Raum mit einem warmen, getragenen Klang und sorgte f\u00fcr einen der besonders dichten Momente des Abends. F\u00fcr ausgelassene Stimmung sorgten anschlie\u00dfend die \u201eTanzs\u00e4cke\u201c der Klasse 8c, erneut unter der Leitung von Kirsten Wallbaum. Ihre Choreografie zu <em data-start=\"3756\" data-end=\"3784\">\u201eAll I Want for Christmas\u201c<\/em> wurde mit viel Gel\u00e4chter und Applaus aufgenommen. Den musikalischen Abschluss gestaltete schlie\u00dflich noch einmal die Bl\u00e4serklasse 7d mit <em data-start=\"3926\" data-end=\"3943\">\u201eFeliz Navidad\u201c<\/em> \u2013 gemeinsam mit dem Publikum klang der Abend festlich und verbindend aus.<\/p>\n<p data-start=\"4019\" data-end=\"4355\">Dass all diese sehr unterschiedlichen Beitr\u00e4ge ohne Unterbrechung ineinander greifen konnten, war auch der Arbeit des neuen Technikteams zu verdanken. Mit Ruhe, \u00dcbersicht und gro\u00dfer Aufmerksamkeit begleiteten sie den Abend und trugen entscheidend dazu bei, dass \u00dcberg\u00e4nge flie\u00dfend blieben und die besondere Atmosph\u00e4re wirken konnte.<\/p>\n<p data-start=\"4357\" data-end=\"4785\">Begleitet wurden die Auff\u00fchrungen von einem liebevoll gestalteten Lichtermarkt, organisiert von Sabrina Schlegel und David R\u00f6mers. Gebasteltes, Selbstgemachtes, Kinderpunsch und Kakao luden zum Verweilen, Begegnen und Austauschen ein. \u201eLichter im Advent\u201c 2025 zeigte damit eindrucksvoll, wie Schule als gemeinsamer Erfahrungsraum gelebt werden kann \u2013 in vielen kleinen Momenten, die diesen Abend besonders gemacht haben.<\/p>\n<p data-start=\"4357\" data-end=\"4785\">Fotos: Jakob Walther, Q2 und Leonie Pfeifer, EF<\/p>\n<div class=\"wpmf-gallerys wpmf-gallerys-life \" ><div id=\"gallery-1\"\n data-gutter-width=\"5\"\n  data-wpmfcolumns=\"3\" class=\"wpmf-gallery gallery-link-none gallery_life gallery-masonry gallery-columns-3 gallery-size-large wpmf-gallery-bottomspace-default wpmf-gallery-clear wpmf-has-border-radius-0 wpmf-gutterwidth-5\"><div class=\"wpmf-gallery-item\n     wpmf-gallery-item-position-0 wpmf-gallery-item-attachment-16824\" data-index=\"0\"><div class=\"wpmf-gallery-icon\"><img class=\"lazyload\" decoding=\"async\" src=\"data:image\/svg+xml,%3Csvg%20xmlns%3D%27http%3A%2F%2Fwww.w3.org%2F2000%2Fsvg%27%20width%3D%272560%27%20height%3D%271706%27%20viewBox%3D%270%200%202560%201706%27%3E%3Crect%20width%3D%272560%27%20height%3D%271706%27%20fill-opacity%3D%220%22%2F%3E%3C%2Fsvg%3E\" data-orig-src=\"https:\/\/gesamtschule-waldbroel.de\/wp\/wp-content\/uploads\/2025\/12\/1-2-scaled.jpg\" data-type=\"wpmfgalleryimg\" data-attachment-id=\"16824\" data-wpmf-size=\"large\" alt=\"Bl\u00e4serklasse der Gesamtschule sitzt halbrund auf der B\u00fchne, dirigiert von einem Lehrer, mit Notenst\u00e4ndern und Blasinstrumenten, stimmungsvolle Beleuchtung w\u00e4hrend der Veranstaltung \u201eLichter im Advent\u201c.\"><\/div><\/div><div class=\"wpmf-gallery-item\n     wpmf-gallery-item-position-1 wpmf-gallery-item-attachment-16837\" data-index=\"1\"><div class=\"wpmf-gallery-icon\"><img class=\"lazyload\" decoding=\"async\" src=\"data:image\/svg+xml,%3Csvg%20xmlns%3D%27http%3A%2F%2Fwww.w3.org%2F2000%2Fsvg%27%20width%3D%272560%27%20height%3D%271706%27%20viewBox%3D%270%200%202560%201706%27%3E%3Crect%20width%3D%272560%27%20height%3D%271706%27%20fill-opacity%3D%220%22%2F%3E%3C%2Fsvg%3E\" data-orig-src=\"https:\/\/gesamtschule-waldbroel.de\/wp\/wp-content\/uploads\/2025\/12\/14-scaled.jpg\" data-type=\"wpmfgalleryimg\" data-attachment-id=\"16837\" data-wpmf-size=\"large\" alt=\"Drei Sch\u00fclerinnen moderieren die Veranstaltung auf der B\u00fchne, jede h\u00e4lt ein Mikrofon und eine Moderationskarte, heller Spot im Hintergrund.\"><\/div><\/div><div class=\"wpmf-gallery-item\n     wpmf-gallery-item-position-2 wpmf-gallery-item-attachment-16826\" data-index=\"2\"><div class=\"wpmf-gallery-icon\"><img class=\"lazyload\" decoding=\"async\" src=\"data:image\/svg+xml,%3Csvg%20xmlns%3D%27http%3A%2F%2Fwww.w3.org%2F2000%2Fsvg%27%20width%3D%272560%27%20height%3D%271706%27%20viewBox%3D%270%200%202560%201706%27%3E%3Crect%20width%3D%272560%27%20height%3D%271706%27%20fill-opacity%3D%220%22%2F%3E%3C%2Fsvg%3E\" data-orig-src=\"https:\/\/gesamtschule-waldbroel.de\/wp\/wp-content\/uploads\/2025\/12\/3-2-scaled.jpg\" data-type=\"wpmfgalleryimg\" data-attachment-id=\"16826\" data-wpmf-size=\"large\" alt=\"Drei Sch\u00fclerinnen moderieren die Veranstaltung \u201eLichter im Advent\u201c auf der B\u00fchne, mit Mikrofonen in der Hand und Beleuchtung im Hintergrund.\"><\/div><\/div><div class=\"wpmf-gallery-item\n     wpmf-gallery-item-position-3 wpmf-gallery-item-attachment-16825\" data-index=\"3\"><div class=\"wpmf-gallery-icon\"><img class=\"lazyload\" decoding=\"async\" src=\"data:image\/svg+xml,%3Csvg%20xmlns%3D%27http%3A%2F%2Fwww.w3.org%2F2000%2Fsvg%27%20width%3D%272560%27%20height%3D%271706%27%20viewBox%3D%270%200%202560%201706%27%3E%3Crect%20width%3D%272560%27%20height%3D%271706%27%20fill-opacity%3D%220%22%2F%3E%3C%2Fsvg%3E\" data-orig-src=\"https:\/\/gesamtschule-waldbroel.de\/wp\/wp-content\/uploads\/2025\/12\/2-2-scaled.jpg\" data-type=\"wpmfgalleryimg\" data-attachment-id=\"16825\" data-wpmf-size=\"large\" alt=\"Band-AG der Gesamtschule mit Sch\u00fcler:innen an Gitarren, Bass, Schlagzeug und Keyboard sowie mehreren S\u00e4nger:innen auf der B\u00fchne bei einem Auftritt w\u00e4hrend \u201eLichter im Advent\u201c.\"><\/div><\/div><div class=\"wpmf-gallery-item\n     wpmf-gallery-item-position-4 wpmf-gallery-item-attachment-16841\" data-index=\"4\"><div class=\"wpmf-gallery-icon\"><img class=\"lazyload\" decoding=\"async\" src=\"data:image\/svg+xml,%3Csvg%20xmlns%3D%27http%3A%2F%2Fwww.w3.org%2F2000%2Fsvg%27%20width%3D%272560%27%20height%3D%271706%27%20viewBox%3D%270%200%202560%201706%27%3E%3Crect%20width%3D%272560%27%20height%3D%271706%27%20fill-opacity%3D%220%22%2F%3E%3C%2Fsvg%3E\" data-orig-src=\"https:\/\/gesamtschule-waldbroel.de\/wp\/wp-content\/uploads\/2025\/12\/18-scaled.jpg\" data-type=\"wpmfgalleryimg\" data-attachment-id=\"16841\" data-wpmf-size=\"large\" alt=\"Band-AG der Schule auf der B\u00fchne mit Gitarren, Bass, Keyboard und S\u00e4nger:innen, Publikum im Vordergrund, farbiges B\u00fchnenlicht.\"><\/div><\/div><div class=\"wpmf-gallery-item\n     wpmf-gallery-item-position-5 wpmf-gallery-item-attachment-16842\" data-index=\"5\"><div class=\"wpmf-gallery-icon\"><img class=\"lazyload\" decoding=\"async\" src=\"data:image\/svg+xml,%3Csvg%20xmlns%3D%27http%3A%2F%2Fwww.w3.org%2F2000%2Fsvg%27%20width%3D%272560%27%20height%3D%271706%27%20viewBox%3D%270%200%202560%201706%27%3E%3Crect%20width%3D%272560%27%20height%3D%271706%27%20fill-opacity%3D%220%22%2F%3E%3C%2Fsvg%3E\" data-orig-src=\"https:\/\/gesamtschule-waldbroel.de\/wp\/wp-content\/uploads\/2025\/12\/19-scaled.jpg\" data-type=\"wpmfgalleryimg\" data-attachment-id=\"16842\" data-wpmf-size=\"large\" alt=\"Mehrere Sch\u00fcler:innen sitzen nebeneinander auf der B\u00fchne und stellen eine Szene dar, unterschiedliche Kost\u00fcme deuten verschiedene Rollen an.\"><\/div><\/div><div class=\"wpmf-gallery-item\n     wpmf-gallery-item-position-6 wpmf-gallery-item-attachment-16827\" data-index=\"6\"><div class=\"wpmf-gallery-icon\"><img class=\"lazyload\" decoding=\"async\" src=\"data:image\/svg+xml,%3Csvg%20xmlns%3D%27http%3A%2F%2Fwww.w3.org%2F2000%2Fsvg%27%20width%3D%272560%27%20height%3D%271706%27%20viewBox%3D%270%200%202560%201706%27%3E%3Crect%20width%3D%272560%27%20height%3D%271706%27%20fill-opacity%3D%220%22%2F%3E%3C%2Fsvg%3E\" data-orig-src=\"https:\/\/gesamtschule-waldbroel.de\/wp\/wp-content\/uploads\/2025\/12\/4-1-scaled.jpg\" data-type=\"wpmfgalleryimg\" data-attachment-id=\"16827\" data-wpmf-size=\"large\" alt=\"Szenische Darstellung des Profilkurses Darstellung und Gestalten: mehrere Sch\u00fcler:innen sitzen und stehen auf der B\u00fchne, eine Sch\u00fclerin spricht zum Publikum, Requisit mit der Aufschrift \u201eSatire\u201c.\"><\/div><\/div><div class=\"wpmf-gallery-item\n     wpmf-gallery-item-position-7 wpmf-gallery-item-attachment-16829\" data-index=\"7\"><div class=\"wpmf-gallery-icon\"><img class=\"lazyload\" decoding=\"async\" src=\"data:image\/svg+xml,%3Csvg%20xmlns%3D%27http%3A%2F%2Fwww.w3.org%2F2000%2Fsvg%27%20width%3D%272560%27%20height%3D%271706%27%20viewBox%3D%270%200%202560%201706%27%3E%3Crect%20width%3D%272560%27%20height%3D%271706%27%20fill-opacity%3D%220%22%2F%3E%3C%2Fsvg%3E\" data-orig-src=\"https:\/\/gesamtschule-waldbroel.de\/wp\/wp-content\/uploads\/2025\/12\/6-1-scaled.jpg\" data-type=\"wpmfgalleryimg\" data-attachment-id=\"16829\" data-wpmf-size=\"large\" alt=\"Gro\u00dfe Gruppe von Sch\u00fcler:innen steht in Reihen auf der B\u00fchne und f\u00fchrt eine gemeinsame Tanzchoreografie auf, Publikum ist im Vordergrund zu sehen.\"><\/div><\/div><div class=\"wpmf-gallery-item\n     wpmf-gallery-item-position-8 wpmf-gallery-item-attachment-16828\" data-index=\"8\"><div class=\"wpmf-gallery-icon\"><img class=\"lazyload\" decoding=\"async\" src=\"data:image\/svg+xml,%3Csvg%20xmlns%3D%27http%3A%2F%2Fwww.w3.org%2F2000%2Fsvg%27%20width%3D%272560%27%20height%3D%271706%27%20viewBox%3D%270%200%202560%201706%27%3E%3Crect%20width%3D%272560%27%20height%3D%271706%27%20fill-opacity%3D%220%22%2F%3E%3C%2Fsvg%3E\" data-orig-src=\"https:\/\/gesamtschule-waldbroel.de\/wp\/wp-content\/uploads\/2025\/12\/5-1-scaled.jpg\" data-type=\"wpmfgalleryimg\" data-attachment-id=\"16828\" data-wpmf-size=\"large\" alt=\"Sch\u00fcler:innen der Klasse 8c tanzen gemeinsam auf der B\u00fchne, viele tragen Nikolausm\u00fctzen, beleuchtet von farbigem B\u00fchnenlicht bei \u201eLichter im Advent\u201c.\"><\/div><\/div><div class=\"wpmf-gallery-item\n     wpmf-gallery-item-position-9 wpmf-gallery-item-attachment-16834\" data-index=\"9\"><div class=\"wpmf-gallery-icon\"><img class=\"lazyload\" decoding=\"async\" src=\"data:image\/svg+xml,%3Csvg%20xmlns%3D%27http%3A%2F%2Fwww.w3.org%2F2000%2Fsvg%27%20width%3D%272560%27%20height%3D%271706%27%20viewBox%3D%270%200%202560%201706%27%3E%3Crect%20width%3D%272560%27%20height%3D%271706%27%20fill-opacity%3D%220%22%2F%3E%3C%2Fsvg%3E\" data-orig-src=\"https:\/\/gesamtschule-waldbroel.de\/wp\/wp-content\/uploads\/2025\/12\/11-1-scaled.jpg\" data-type=\"wpmfgalleryimg\" data-attachment-id=\"16834\" data-wpmf-size=\"large\" alt=\"Vier Sch\u00fcler:innen stehen auf der B\u00fchne in Kost\u00fcmen der Wichtelgeschichte, zwei tragen Weihnachtsm\u00fctzen, eine Person tr\u00e4gt ein silberfarbenes Kost\u00fcm, B\u00fchnenlicht von vorne.\"><\/div><\/div><div class=\"wpmf-gallery-item\n     wpmf-gallery-item-position-10 wpmf-gallery-item-attachment-16835\" data-index=\"10\"><div class=\"wpmf-gallery-icon\"><img class=\"lazyload\" decoding=\"async\" src=\"data:image\/svg+xml,%3Csvg%20xmlns%3D%27http%3A%2F%2Fwww.w3.org%2F2000%2Fsvg%27%20width%3D%272560%27%20height%3D%271706%27%20viewBox%3D%270%200%202560%201706%27%3E%3Crect%20width%3D%272560%27%20height%3D%271706%27%20fill-opacity%3D%220%22%2F%3E%3C%2Fsvg%3E\" data-orig-src=\"https:\/\/gesamtschule-waldbroel.de\/wp\/wp-content\/uploads\/2025\/12\/12-1-scaled.jpg\" data-type=\"wpmfgalleryimg\" data-attachment-id=\"16835\" data-wpmf-size=\"large\" alt=\"Sch\u00fcler spielt Klavier auf der B\u00fchne, im Hintergrund steht ein weiterer Sch\u00fcler mit Trompete, dunkle B\u00fchnenbeleuchtung.\"><\/div><\/div><div class=\"wpmf-gallery-item\n     wpmf-gallery-item-position-11 wpmf-gallery-item-attachment-16830\" data-index=\"11\"><div class=\"wpmf-gallery-icon\"><img class=\"lazyload\" decoding=\"async\" src=\"data:image\/svg+xml,%3Csvg%20xmlns%3D%27http%3A%2F%2Fwww.w3.org%2F2000%2Fsvg%27%20width%3D%272560%27%20height%3D%271706%27%20viewBox%3D%270%200%202560%201706%27%3E%3Crect%20width%3D%272560%27%20height%3D%271706%27%20fill-opacity%3D%220%22%2F%3E%3C%2Fsvg%3E\" data-orig-src=\"https:\/\/gesamtschule-waldbroel.de\/wp\/wp-content\/uploads\/2025\/12\/7-1-scaled.jpg\" data-type=\"wpmfgalleryimg\" data-attachment-id=\"16830\" data-wpmf-size=\"large\" alt=\"Szenenbild aus &quot;Alice im Wunderland&quot;: drei Sch\u00fcler:innen in Kost\u00fcmen stehen auf der B\u00fchne, eine Person sitzt im Rollstuhl als Teil der Darstellung.\"><\/div><\/div><div class=\"wpmf-gallery-item\n     wpmf-gallery-item-position-12 wpmf-gallery-item-attachment-16833\" data-index=\"12\"><div class=\"wpmf-gallery-icon\"><img class=\"lazyload\" decoding=\"async\" src=\"data:image\/svg+xml,%3Csvg%20xmlns%3D%27http%3A%2F%2Fwww.w3.org%2F2000%2Fsvg%27%20width%3D%272560%27%20height%3D%271706%27%20viewBox%3D%270%200%202560%201706%27%3E%3Crect%20width%3D%272560%27%20height%3D%271706%27%20fill-opacity%3D%220%22%2F%3E%3C%2Fsvg%3E\" data-orig-src=\"https:\/\/gesamtschule-waldbroel.de\/wp\/wp-content\/uploads\/2025\/12\/10-scaled.jpg\" data-type=\"wpmfgalleryimg\" data-attachment-id=\"16833\" data-wpmf-size=\"large\" alt=\"Szenische Darstellung mit drei Sch\u00fcler:innen auf der B\u00fchne, eine Sch\u00fclerin steht mittig und spricht, zwei weitere stehen seitlich, B\u00fchnenlicht erzeugt farbige Akzente.\"><\/div><\/div><div class=\"wpmf-gallery-item\n     wpmf-gallery-item-position-13 wpmf-gallery-item-attachment-16831\" data-index=\"13\"><div class=\"wpmf-gallery-icon\"><img class=\"lazyload\" decoding=\"async\" src=\"data:image\/svg+xml,%3Csvg%20xmlns%3D%27http%3A%2F%2Fwww.w3.org%2F2000%2Fsvg%27%20width%3D%272560%27%20height%3D%271706%27%20viewBox%3D%270%200%202560%201706%27%3E%3Crect%20width%3D%272560%27%20height%3D%271706%27%20fill-opacity%3D%220%22%2F%3E%3C%2Fsvg%3E\" data-orig-src=\"https:\/\/gesamtschule-waldbroel.de\/wp\/wp-content\/uploads\/2025\/12\/8-1-scaled.jpg\" data-type=\"wpmfgalleryimg\" data-attachment-id=\"16831\" data-wpmf-size=\"large\" alt=\"Drei Sch\u00fcler:innen in Insektenkost\u00fcmen stehen auf der B\u00fchne neben bunten Requisiten, farbiges Licht im Hintergrund.\"><\/div><\/div><div class=\"wpmf-gallery-item\n     wpmf-gallery-item-position-14 wpmf-gallery-item-attachment-16832\" data-index=\"14\"><div class=\"wpmf-gallery-icon\"><img class=\"lazyload\" decoding=\"async\" src=\"data:image\/svg+xml,%3Csvg%20xmlns%3D%27http%3A%2F%2Fwww.w3.org%2F2000%2Fsvg%27%20width%3D%272560%27%20height%3D%271706%27%20viewBox%3D%270%200%202560%201706%27%3E%3Crect%20width%3D%272560%27%20height%3D%271706%27%20fill-opacity%3D%220%22%2F%3E%3C%2Fsvg%3E\" data-orig-src=\"https:\/\/gesamtschule-waldbroel.de\/wp\/wp-content\/uploads\/2025\/12\/9-1-scaled.jpg\" data-type=\"wpmfgalleryimg\" data-attachment-id=\"16832\" data-wpmf-size=\"large\" alt=\"Szenische Darstellung: drei Sch\u00fcler:innen stehen vor einer Projektionsfl\u00e4che, eine Sch\u00fclerin spricht, zwei weitere stehen seitlich.\"><\/div><\/div><div class=\"wpmf-gallery-item\n     wpmf-gallery-item-position-15 wpmf-gallery-item-attachment-16844\" data-index=\"15\"><div class=\"wpmf-gallery-icon\"><img class=\"lazyload\" decoding=\"async\" src=\"data:image\/svg+xml,%3Csvg%20xmlns%3D%27http%3A%2F%2Fwww.w3.org%2F2000%2Fsvg%27%20width%3D%272560%27%20height%3D%271707%27%20viewBox%3D%270%200%202560%201707%27%3E%3Crect%20width%3D%272560%27%20height%3D%271707%27%20fill-opacity%3D%220%22%2F%3E%3C%2Fsvg%3E\" data-orig-src=\"https:\/\/gesamtschule-waldbroel.de\/wp\/wp-content\/uploads\/2025\/12\/21-scaled.jpg\" data-type=\"wpmfgalleryimg\" data-attachment-id=\"16844\" data-wpmf-size=\"large\" alt=\"Sch\u00fcler:innen- und Lehrer:innen-Chor steht gemeinsam auf der B\u00fchne, einige halten Notenmappen, links begleitet eine Person am Keyboard, Publikum im Vordergrund sichtbar.\"><\/div><\/div><div class=\"wpmf-gallery-item\n     wpmf-gallery-item-position-16 wpmf-gallery-item-attachment-16845\" data-index=\"16\"><div class=\"wpmf-gallery-icon\"><img class=\"lazyload\" decoding=\"async\" src=\"data:image\/svg+xml,%3Csvg%20xmlns%3D%27http%3A%2F%2Fwww.w3.org%2F2000%2Fsvg%27%20width%3D%272560%27%20height%3D%271707%27%20viewBox%3D%270%200%202560%201707%27%3E%3Crect%20width%3D%272560%27%20height%3D%271707%27%20fill-opacity%3D%220%22%2F%3E%3C%2Fsvg%3E\" data-orig-src=\"https:\/\/gesamtschule-waldbroel.de\/wp\/wp-content\/uploads\/2025\/12\/22-scaled.jpg\" data-type=\"wpmfgalleryimg\" data-attachment-id=\"16845\" data-wpmf-size=\"large\" alt=\"Lehrerin spielt Saxophon auf der B\u00fchne, daneben sitzt ein Sch\u00fcler am Keyboard, weitere Chormitglieder stehen im Hintergrund unter blauem B\u00fchnenlicht.\"><\/div><\/div><div class=\"wpmf-gallery-item\n     wpmf-gallery-item-position-17 wpmf-gallery-item-attachment-16836\" data-index=\"17\"><div class=\"wpmf-gallery-icon\"><img class=\"lazyload\" decoding=\"async\" src=\"data:image\/svg+xml,%3Csvg%20xmlns%3D%27http%3A%2F%2Fwww.w3.org%2F2000%2Fsvg%27%20width%3D%272560%27%20height%3D%271706%27%20viewBox%3D%270%200%202560%201706%27%3E%3Crect%20width%3D%272560%27%20height%3D%271706%27%20fill-opacity%3D%220%22%2F%3E%3C%2Fsvg%3E\" data-orig-src=\"https:\/\/gesamtschule-waldbroel.de\/wp\/wp-content\/uploads\/2025\/12\/13-scaled.jpg\" data-type=\"wpmfgalleryimg\" data-attachment-id=\"16836\" data-wpmf-size=\"large\" alt=\"Mehrere Sch\u00fcler:innen stehen nebeneinander auf der B\u00fchne, vollst\u00e4ndig in farbige Stoffe geh\u00fcllt, blaues und rotes Licht erzeugt eine abstrakte B\u00fchnenwirkung.\"><\/div><\/div><div class=\"wpmf-gallery-item\n     wpmf-gallery-item-position-18 wpmf-gallery-item-attachment-16843\" data-index=\"18\"><div class=\"wpmf-gallery-icon\"><img class=\"lazyload\" decoding=\"async\" src=\"data:image\/svg+xml,%3Csvg%20xmlns%3D%27http%3A%2F%2Fwww.w3.org%2F2000%2Fsvg%27%20width%3D%272560%27%20height%3D%271706%27%20viewBox%3D%270%200%202560%201706%27%3E%3Crect%20width%3D%272560%27%20height%3D%271706%27%20fill-opacity%3D%220%22%2F%3E%3C%2Fsvg%3E\" data-orig-src=\"https:\/\/gesamtschule-waldbroel.de\/wp\/wp-content\/uploads\/2025\/12\/20-scaled.jpg\" data-type=\"wpmfgalleryimg\" data-attachment-id=\"16843\" data-wpmf-size=\"large\" alt=\"Lehrkr\u00e4fte und Organisator:innen stehen auf der B\u00fchne, eine Person spricht mit Mikrofon, die anderen h\u00f6ren zu, Publikum im Vordergrund sichtbar.\"><\/div><\/div><div class=\"wpmf-gallery-item\n     wpmf-gallery-item-position-19 wpmf-gallery-item-attachment-16838\" data-index=\"19\"><div class=\"wpmf-gallery-icon\"><img class=\"lazyload\" decoding=\"async\" src=\"data:image\/svg+xml,%3Csvg%20xmlns%3D%27http%3A%2F%2Fwww.w3.org%2F2000%2Fsvg%27%20width%3D%272560%27%20height%3D%271706%27%20viewBox%3D%270%200%202560%201706%27%3E%3Crect%20width%3D%272560%27%20height%3D%271706%27%20fill-opacity%3D%220%22%2F%3E%3C%2Fsvg%3E\" data-orig-src=\"https:\/\/gesamtschule-waldbroel.de\/wp\/wp-content\/uploads\/2025\/12\/15-scaled.jpg\" data-type=\"wpmfgalleryimg\" data-attachment-id=\"16838\" data-wpmf-size=\"large\" alt=\"Blick auf den Eingangsbereich der Schule mit ge\u00f6ffneten T\u00fcren, viele Besucher:innen stehen und unterhalten sich vor dem beleuchteten Lichtermarkt.\"><\/div><\/div><div class=\"wpmf-gallery-item\n     wpmf-gallery-item-position-20 wpmf-gallery-item-attachment-16839\" data-index=\"20\"><div class=\"wpmf-gallery-icon\"><img class=\"lazyload\" decoding=\"async\" src=\"data:image\/svg+xml,%3Csvg%20xmlns%3D%27http%3A%2F%2Fwww.w3.org%2F2000%2Fsvg%27%20width%3D%272560%27%20height%3D%271706%27%20viewBox%3D%270%200%202560%201706%27%3E%3Crect%20width%3D%272560%27%20height%3D%271706%27%20fill-opacity%3D%220%22%2F%3E%3C%2Fsvg%3E\" data-orig-src=\"https:\/\/gesamtschule-waldbroel.de\/wp\/wp-content\/uploads\/2025\/12\/16-scaled.jpg\" data-type=\"wpmfgalleryimg\" data-attachment-id=\"16839\" data-wpmf-size=\"large\" alt=\"Blick von oben auf den Lichtermarkt im Schulgeb\u00e4ude, Tische mit Kerzen und Dekoration, Besucher:innen sitzen und stehen im Raum.\"><\/div><\/div><div class=\"wpmf-gallery-item\n     wpmf-gallery-item-position-21 wpmf-gallery-item-attachment-16840\" data-index=\"21\"><div class=\"wpmf-gallery-icon\"><img class=\"lazyload\" decoding=\"async\" src=\"data:image\/svg+xml,%3Csvg%20xmlns%3D%27http%3A%2F%2Fwww.w3.org%2F2000%2Fsvg%27%20width%3D%272560%27%20height%3D%271706%27%20viewBox%3D%270%200%202560%201706%27%3E%3Crect%20width%3D%272560%27%20height%3D%271706%27%20fill-opacity%3D%220%22%2F%3E%3C%2Fsvg%3E\" data-orig-src=\"https:\/\/gesamtschule-waldbroel.de\/wp\/wp-content\/uploads\/2025\/12\/17-scaled.jpg\" data-type=\"wpmfgalleryimg\" data-attachment-id=\"16840\" data-wpmf-size=\"large\" alt=\"Tisch mit selbstgebastelten Weihnachtsdekorationen und Anh\u00e4ngern, Kerzen und Lichterkette sorgen f\u00fcr warme Beleuchtung.\"><\/div><\/div><\/div><\/div>\n\n","protected":false},"excerpt":{"rendered":"<p>Am 11. Dezember 2025 wurde die Gesamtschule erneut zu einem Ort, an dem Schule, Kunst und Gemeinschaft sp\u00fcrbar zusammenkamen. Mit zwei nahezu ausverkauften Auff\u00fchrungen um 16:30 Uhr und 18:30 Uhr bot \u201eLichter im Advent\u201c einen stimmungsvollen Jahresabschluss, der die Vielfalt schulischen Lebens auf der B\u00fchne sichtbar machte. Durch den Abend f\u00fchrten Nelli Leon, Jarla Lauff  [mehr&#8230;]<\/p>\n","protected":false},"author":1,"featured_media":16836,"comment_status":"closed","ping_status":"open","sticky":false,"template":"","format":"standard","meta":{"xn-wppe-expiration":[],"xn-wppe-expiration-action":[],"xn-wppe-expiration-prefix":[],"footnotes":""},"categories":[19,20,12,104,106,21,48],"tags":[],"class_list":["post-16822","post","type-post","status-publish","format-standard","has-post-thumbnail","hentry","category-abteilung-i","category-abteilung-ii","category-aktuelles","category-blaeserklasse","category-fitklasse","category-oberstufe","category-veranstaltungen"],"aioseo_notices":[],"_links":{"self":[{"href":"https:\/\/gesamtschule-waldbroel.de\/wp\/wp-json\/wp\/v2\/posts\/16822","targetHints":{"allow":["GET"]}}],"collection":[{"href":"https:\/\/gesamtschule-waldbroel.de\/wp\/wp-json\/wp\/v2\/posts"}],"about":[{"href":"https:\/\/gesamtschule-waldbroel.de\/wp\/wp-json\/wp\/v2\/types\/post"}],"author":[{"embeddable":true,"href":"https:\/\/gesamtschule-waldbroel.de\/wp\/wp-json\/wp\/v2\/users\/1"}],"replies":[{"embeddable":true,"href":"https:\/\/gesamtschule-waldbroel.de\/wp\/wp-json\/wp\/v2\/comments?post=16822"}],"version-history":[{"count":2,"href":"https:\/\/gesamtschule-waldbroel.de\/wp\/wp-json\/wp\/v2\/posts\/16822\/revisions"}],"predecessor-version":[{"id":16846,"href":"https:\/\/gesamtschule-waldbroel.de\/wp\/wp-json\/wp\/v2\/posts\/16822\/revisions\/16846"}],"wp:featuredmedia":[{"embeddable":true,"href":"https:\/\/gesamtschule-waldbroel.de\/wp\/wp-json\/wp\/v2\/media\/16836"}],"wp:attachment":[{"href":"https:\/\/gesamtschule-waldbroel.de\/wp\/wp-json\/wp\/v2\/media?parent=16822"}],"wp:term":[{"taxonomy":"category","embeddable":true,"href":"https:\/\/gesamtschule-waldbroel.de\/wp\/wp-json\/wp\/v2\/categories?post=16822"},{"taxonomy":"post_tag","embeddable":true,"href":"https:\/\/gesamtschule-waldbroel.de\/wp\/wp-json\/wp\/v2\/tags?post=16822"}],"curies":[{"name":"wp","href":"https:\/\/api.w.org\/{rel}","templated":true}]}}