{"id":2425,"date":"2017-12-04T14:31:31","date_gmt":"2017-12-04T13:31:31","guid":{"rendered":"http:\/\/gesamtschule-waldbroel.de\/wp\/2017\/12\/04\/newsletter-vom-22-11-2017-copy-copy\/"},"modified":"2018-01-06T12:19:55","modified_gmt":"2018-01-06T11:19:55","slug":"newsletter-vom-22-11-2017-copy-copy","status":"publish","type":"post","link":"https:\/\/gesamtschule-waldbroel.de\/wp\/2017\/12\/04\/newsletter-vom-22-11-2017-copy-copy\/","title":{"rendered":"Newsletter vom 04.12.2017"},"content":{"rendered":"<p><strong>Newsletter vom 4. Dezember 2017<\/strong><\/p>\n<p><strong>Liebe Eltern, liebe Sch\u00fclerinnen und Sch\u00fcler, liebe Interessierte!<\/strong><\/p>\n<p>Im R\u00fcckblick auf die vergangene Woche m\u00f6chten wir gleich zwei Teams unserer Schule zu ihrem Erfolg <strong>gratulieren<\/strong>. So nahm das <strong>Roberta-Team<\/strong> am <strong>27.11.2017<\/strong> in Gummersbach (Halle 32) an einem <strong>Wettkampf<\/strong> zum Thema <strong>\u201eIntelligente, umweltfreundliche und integrierte Mobilit\u00e4t\u201c<\/strong> teil.<\/p>\n<p>Im Zuge des Wettbewerbs besch\u00e4ftigte sich das Team mit Grundfragen wie: \u201eWas bedeutet Mobilit\u00e4t f\u00fcr die Sch\u00fclerinnen und Sch\u00fcler von heute? Inwiefern sind sie auf eine funktionierende Infrastruktur angewiesen und welchen Herausforderungen m\u00fcssen sie sich in Zukunft stellen?\u201d. Zu diesem Thema gestaltete das Team ein Mikro-Modell von Waldbr\u00f6l und l\u00f6ste die bestehenden Verkehrsprobleme durch eine Art Schwebebahn, die den Transfer zwischen Waldbr\u00f6l und Gummersbach erleichtern k\u00f6nnte. In einem sehr engen Finaldurchgang belegte das Team einen stolzen <strong>3. Platz<\/strong>.<\/p>\n<p>\u201eDie haben wir heute so richtig gerockt&#8230;!\u201c Hochzufrieden kam einem unserer Teilnehmer an der <strong>39. Russisch-Olympiade NRW<\/strong> dieser Spruch nach vollbrachter Tat \u00fcber die Lippen. Dabei hatte alles so unspektakul\u00e4r angefangen. Dem schon vor Monaten ausgesprochenen Wunsch der Russischsch\u00fcler \u201eDa wollen wir aber hin, <strong>Frau Pietsch<\/strong>!\u201c folgend, geleitete sie am vergangenen <strong>Donnerstag, dem 29.11.2017<\/strong>, <strong>Timur Gareev, Edgar Kinetz, Jessica Merz<\/strong> und <strong>Nadine Scherer<\/strong> zur Landesolympiade und sie erlebten an der Freien Waldorfschule Essen einen interessanten Tag in typisch russischer Manier mit einem festlichen Rahmenprogramm, Musik und Tanz, Festansprachen von Ehreng\u00e4sten sowie russischen kulinarischen Spezialit\u00e4ten. Unsere Sch\u00fcler holten in ihren Gruppen den jeweils <strong>2. Platz<\/strong>. <strong>Edgar Kinetz<\/strong> ma\u00df sich mit anderen Russischlernern auf B1-Niveau, <strong>Timur Gareev<\/strong> sogar auf dem h\u00f6chsten Sprachniveau C2. Entsprechend gro\u00df war ihre Freude. Auch die Sch\u00fclerinnen waren begeistert von diesem Tag und Jessica konnte ihren Geburtstag auf diese Weise zu etwas Besonderem machen. Und das, obwohl der Abend so gar nicht russisch endete, sondern in der D\u00f6nerbude am Siegburger Hauptbahnhof\u2026 Wir sagen in jedem Fall: <strong>\u041f\u043e\u0437\u0434\u0440\u0430\u0432\u043b\u044f\u044e<\/strong><strong>!<\/strong><\/p>\n<p>Au\u00dferdem danken wir den<strong> Sch\u00fclerInnen der Jahrgangsstufe 13 und dem F\u00f6rderverein, unterst\u00fctzt durch den 8.Jahrgang, <\/strong>f\u00fcr ihren Einsatz auf dem<strong> Waldbr\u00f6ler Weihnachtsmarkt <\/strong>am ersten Adventswochenende bei herrlichem Winterwetter.<\/p>\n<p>Im Ausblick auf die kommenden Wochen (04.12. &#8211; 15.12.2017) m\u00f6chten wir au\u00dferdem auf folgende Termine hinweisen:<\/p>\n<ul>\n<li>Am <strong>Montag, 04.12.2017,<\/strong> finden die <strong>Pflichtpr\u00fcfungen im Fach Englisch im 10. Jahrgang<\/strong><\/li>\n<li>Am <strong>Freitag, 08.12.2017,<\/strong> findet die erste Gesamtprobe f\u00fcr <strong>Lichter im Advent<\/strong> ab <strong>15 Uhr <\/strong>in der<strong> Mensa<\/strong> statt.<\/li>\n<li>Am <strong>Donnerstag, 14.12.2017,<\/strong> findet ab 16.00 Uhr der Lichtermarkt statt und um 18.00 Uhr startet das weihnachtliche B\u00fchnenprogramm. Wir freuen uns auf zahlreiche interessierte Besucher.<\/li>\n<li>Wie bereits angek\u00fcndigt, k\u00fcmmert sich die Sch\u00fclervertretung auch in diesem Jahr wieder gern um die Organisation der <strong>Aktion &#8222;Weihnachtskisten&#8220;<\/strong>. <strong>Letzter Abgabetermin<\/strong> ist der<strong>12.2017, 9:40 Uhr<\/strong>, da die Kisten am Mittwoch bereits bei der Tafel ausgegeben werden, ist <strong>die Abgabe zu einem sp\u00e4teren Zeitpunkt <u>nicht m\u00f6glich<\/u><\/strong>.<\/li>\n<\/ul>\n<p>http:\/\/www.tafeloberbergs\u00fcd.de\/<\/p>\n<p>Wir w\u00fcnschen eine gute Woche und einen sch\u00f6nen zweiten Advent!<\/p>\n<p>Mit herzlichen Gr\u00fc\u00dfen<\/p>\n<p>Das Schulleitungsteam<\/p>\n","protected":false},"excerpt":{"rendered":"<p>Newsletter vom 4. Dezember 2017 Liebe Eltern, liebe Sch\u00fclerinnen und Sch\u00fcler, liebe Interessierte! Im R\u00fcckblick auf die vergangene Woche m\u00f6chten wir gleich zwei Teams unserer Schule zu ihrem Erfolg gratulieren. So nahm das Roberta-Team am 27.11.2017 in Gummersbach (Halle 32) an einem Wettkampf zum Thema \u201eIntelligente, umweltfreundliche und integrierte Mobilit\u00e4t\u201c teil. Im Zuge des Wettbewerbs  [mehr&#8230;]<\/p>\n","protected":false},"author":1,"featured_media":2593,"comment_status":"closed","ping_status":"open","sticky":false,"template":"","format":"standard","meta":{"xn-wppe-expiration":[],"xn-wppe-expiration-action":[],"xn-wppe-expiration-prefix":[],"footnotes":""},"categories":[12,193],"tags":[],"class_list":["post-2425","post","type-post","status-publish","format-standard","has-post-thumbnail","hentry","category-aktuelles","category-newsletter"],"aioseo_notices":[],"_links":{"self":[{"href":"https:\/\/gesamtschule-waldbroel.de\/wp\/wp-json\/wp\/v2\/posts\/2425","targetHints":{"allow":["GET"]}}],"collection":[{"href":"https:\/\/gesamtschule-waldbroel.de\/wp\/wp-json\/wp\/v2\/posts"}],"about":[{"href":"https:\/\/gesamtschule-waldbroel.de\/wp\/wp-json\/wp\/v2\/types\/post"}],"author":[{"embeddable":true,"href":"https:\/\/gesamtschule-waldbroel.de\/wp\/wp-json\/wp\/v2\/users\/1"}],"replies":[{"embeddable":true,"href":"https:\/\/gesamtschule-waldbroel.de\/wp\/wp-json\/wp\/v2\/comments?post=2425"}],"version-history":[{"count":2,"href":"https:\/\/gesamtschule-waldbroel.de\/wp\/wp-json\/wp\/v2\/posts\/2425\/revisions"}],"predecessor-version":[{"id":2427,"href":"https:\/\/gesamtschule-waldbroel.de\/wp\/wp-json\/wp\/v2\/posts\/2425\/revisions\/2427"}],"wp:featuredmedia":[{"embeddable":true,"href":"https:\/\/gesamtschule-waldbroel.de\/wp\/wp-json\/wp\/v2\/media\/2593"}],"wp:attachment":[{"href":"https:\/\/gesamtschule-waldbroel.de\/wp\/wp-json\/wp\/v2\/media?parent=2425"}],"wp:term":[{"taxonomy":"category","embeddable":true,"href":"https:\/\/gesamtschule-waldbroel.de\/wp\/wp-json\/wp\/v2\/categories?post=2425"},{"taxonomy":"post_tag","embeddable":true,"href":"https:\/\/gesamtschule-waldbroel.de\/wp\/wp-json\/wp\/v2\/tags?post=2425"}],"curies":[{"name":"wp","href":"https:\/\/api.w.org\/{rel}","templated":true}]}}