{"id":4536,"date":"2018-07-19T14:08:11","date_gmt":"2018-07-19T12:08:11","guid":{"rendered":"http:\/\/gesamtschule-waldbroel.de\/wp\/2018\/07\/19\/newsletter-vom-09-04-2018-copy\/"},"modified":"2018-07-19T14:10:06","modified_gmt":"2018-07-19T12:10:06","slug":"newsletter-april-2018","status":"publish","type":"post","link":"https:\/\/gesamtschule-waldbroel.de\/wp\/2018\/07\/19\/newsletter-april-2018\/","title":{"rendered":"Newsletter April 2018"},"content":{"rendered":"<p><strong>R\u00fcckblick April 2018<\/strong><\/p>\n<p><strong>Liebe Eltern, liebe Sch\u00fclerinnen und Sch\u00fcler, liebe Interessierte!<\/strong><\/p>\n<p>Am 11. April 2018 waren <strong>Herr Stelzer <\/strong>und <strong>Herr K\u00f6hler <\/strong>gemeinsam mit 8 Fu\u00dfballerinnen des <strong>7. Jahrgangs <\/strong>unterwegs in <strong>Wipperf\u00fcrth<\/strong>, wo sie unsere Schule w\u00fcrdig vertraten. Insgesamt belegte das Team den <strong>5. Platz <\/strong>und sah vor allem gegen die beiden Erstplatzierten recht gut aus (0:0 und 0:1).<\/p>\n<p>Die <strong>Musikklasse 7d <\/strong>unter der Leitung von <strong>Frau Pietsch <\/strong>und <strong>Herrn Kanzler <\/strong>besuchte am <strong>12.04.2018 <\/strong>ein Konzert zum Thema Meeresrauschen in der <strong>K\u00f6lner Philharmonie<\/strong>.<\/p>\n<p><strong>10 Sch\u00fcler der Klasse 5 <\/strong>haben am <strong>17.04.2018 <\/strong>unsere Schule in Begleitung von <strong>Herrn G\u00fcnther <\/strong>beim <strong>\u201eJugend trainiert f\u00fcr Olympia\u201c &#8211; Kreisentscheid <\/strong>in <strong>Wipperf\u00fcrth <\/strong>vertreten. Gegen ein starkes und teilweise k\u00f6rperlich \u00fcberlegenes Teilnehmerfeld zeigten die GSW- Kicker eine starke und faire Leistung, scheiterten jedoch am Weiterkommen. Bei Kaiserwetter waren sich die Sch\u00fcler jedoch \u00fcber eine Sache einig, n\u00e4chstes Jahr geh\u00f6rt der Henkelpott ihnen.<\/p>\n<p>Im Zeitraum vom <strong>12.-20. April 2018 <\/strong>fand der <strong>Gegenbesuch der franz\u00f6sischen Gruppe aus Vire <\/strong>in der Normandie statt. Neun SuS waren bei unseren f\u00fcnf Austauschsch\u00fclerinnen sowie weiteren interessierten Gastfamilien zu Gast. Unter der Leitung von <strong>Herrn Reinsch <\/strong>und <strong>Herrn B\u00f6nisch <\/strong>standen ein musikalischer Empfang, ein Besuch in Panarbora, ein Besuch des Bonner Hauses der Geschichte, eine interaktive Stadtrallye in Waldbr\u00f6l, und eine F\u00fchrung durch die K\u00f6lner Altstadt auf dem Programm. Ein durchaus tr\u00e4nenreicher Abschied am Freitagmorgen zeigte, dass auch in diesem Jahr diese besondere interkulturelle Begegnung ein voller Erfolg und sichtbares Zeichen f\u00fcr ein gelebtes Europa war.<\/p>\n<p>Am <strong>Donnerstag, 19.04.2018 <\/strong>fand die <strong>Premiere <\/strong>des <strong>DG-Kurses 10 <\/strong>mit dem St\u00fcck <strong>\u201eDer kleine Prinz\u201c <\/strong>unter der Leitung von <strong>Frau Hellermann <\/strong>in der <strong>Mensa <\/strong>statt. Ob Rose, Fuchs oder Flugzeug &#8211; die Sch\u00fclerInnen inszenierten das St\u00fcck nach der gleichnamigen Erz\u00e4hlung von <strong>Antoine de Saint-Exup\u00e9ry <\/strong>ideenreich und kreativ und wurden f\u00fcr ihren Einsatz mit dem geb\u00fchrenden Applaus belohnt.<\/p>\n<p><strong>\u201eVersch\u00f6nern und gestalten\u201c <\/strong>\u2013 Das war einmal mehr das Motto des <strong>Schulaktionstages <\/strong>am <strong>21.04.2018<\/strong>. KollegInnen, Sch\u00fclerInnen sowie einige Eltern schaufelten, zupften, strichen und r\u00e4umten zur Schulversch\u00f6nerung. Sie machten die Beete fit f\u00fcr den Sommer, die Klasse 5d bastelte f\u00fcr ihren Klassenraum, die SV baute in einer gemeinsamen Aktion mit einer befreundeten Sch\u00fclervertretung Insektenhotels und engagierte Sch\u00fclerInnen schliffen die Tische im Technikraum ab. Alle Arbeitenden wurden vom F\u00f6rderverein mit belegten Br\u00f6tchen, Kuchen und Getr\u00e4nken gest\u00e4rkt. Wir danken allen Beteiligten f\u00fcr Ihr Engagement und freuen uns \u00fcber die sichtbaren Ergebnisse.<\/p>\n<p>Die <strong>SporthelferInnen <\/strong>k\u00f6nnen sich \u00fcber einen neuen <strong>Baucontainer <\/strong>freuen, der seit ein paar Wochen auf dem Schulhof steht. Der Container wurde \u00fcber den <strong>F\u00f6rderverein <\/strong>&#8211; insbesondere durch die Unterst\u00fctzung und Verbindungen von <strong>Herrn Mach <\/strong>&#8211; finanziert, durch die <strong>Firma S\u00e4bu <\/strong>transportiert und von der <strong>Firma Klein <\/strong>aufgebaut. Hier k\u00f6nnen nun die Spiel- und Sportger\u00e4te gelagert werden, die bisher im Ballwagen oder aber auch im Caf\u00e9 Hawai und in der Mensa verteilt waren. Die SporthelferInnen werden nun die <strong>Sport- und Spieleausleihe <\/strong>auf den <strong>Hof F <\/strong>verlegen.<\/p>\n<p>Mit herzlichen Gr\u00fc\u00dfen<\/p>\n<p>Das Schulleitungsteam<\/p>\n","protected":false},"excerpt":{"rendered":"<p>R\u00fcckblick April 2018 Liebe Eltern, liebe Sch\u00fclerinnen und Sch\u00fcler, liebe Interessierte! Am 11. April 2018 waren Herr Stelzer und Herr K\u00f6hler gemeinsam mit 8 Fu\u00dfballerinnen des 7. Jahrgangs unterwegs in Wipperf\u00fcrth, wo sie unsere Schule w\u00fcrdig vertraten. Insgesamt belegte das Team den 5. Platz und sah vor allem gegen die beiden Erstplatzierten recht gut aus  [mehr&#8230;]<\/p>\n","protected":false},"author":1,"featured_media":2593,"comment_status":"closed","ping_status":"open","sticky":false,"template":"","format":"standard","meta":{"xn-wppe-expiration":[],"xn-wppe-expiration-action":[],"xn-wppe-expiration-prefix":[],"footnotes":""},"categories":[12,193],"tags":[],"class_list":["post-4536","post","type-post","status-publish","format-standard","has-post-thumbnail","hentry","category-aktuelles","category-newsletter"],"aioseo_notices":[],"_links":{"self":[{"href":"https:\/\/gesamtschule-waldbroel.de\/wp\/wp-json\/wp\/v2\/posts\/4536","targetHints":{"allow":["GET"]}}],"collection":[{"href":"https:\/\/gesamtschule-waldbroel.de\/wp\/wp-json\/wp\/v2\/posts"}],"about":[{"href":"https:\/\/gesamtschule-waldbroel.de\/wp\/wp-json\/wp\/v2\/types\/post"}],"author":[{"embeddable":true,"href":"https:\/\/gesamtschule-waldbroel.de\/wp\/wp-json\/wp\/v2\/users\/1"}],"replies":[{"embeddable":true,"href":"https:\/\/gesamtschule-waldbroel.de\/wp\/wp-json\/wp\/v2\/comments?post=4536"}],"version-history":[{"count":2,"href":"https:\/\/gesamtschule-waldbroel.de\/wp\/wp-json\/wp\/v2\/posts\/4536\/revisions"}],"predecessor-version":[{"id":4550,"href":"https:\/\/gesamtschule-waldbroel.de\/wp\/wp-json\/wp\/v2\/posts\/4536\/revisions\/4550"}],"wp:featuredmedia":[{"embeddable":true,"href":"https:\/\/gesamtschule-waldbroel.de\/wp\/wp-json\/wp\/v2\/media\/2593"}],"wp:attachment":[{"href":"https:\/\/gesamtschule-waldbroel.de\/wp\/wp-json\/wp\/v2\/media?parent=4536"}],"wp:term":[{"taxonomy":"category","embeddable":true,"href":"https:\/\/gesamtschule-waldbroel.de\/wp\/wp-json\/wp\/v2\/categories?post=4536"},{"taxonomy":"post_tag","embeddable":true,"href":"https:\/\/gesamtschule-waldbroel.de\/wp\/wp-json\/wp\/v2\/tags?post=4536"}],"curies":[{"name":"wp","href":"https:\/\/api.w.org\/{rel}","templated":true}]}}