{"id":8526,"date":"2019-10-11T20:49:32","date_gmt":"2019-10-11T18:49:32","guid":{"rendered":"https:\/\/gesamtschule-waldbroel.de\/wp\/?p=8526"},"modified":"2019-10-11T20:49:32","modified_gmt":"2019-10-11T18:49:32","slug":"hoffnung-nach-den-ereignissen-in-halle-gesamtschule-waldbroel-setzt-ein-zeichen-fuer-solidaritaet-und-toleranz","status":"publish","type":"post","link":"https:\/\/gesamtschule-waldbroel.de\/wp\/2019\/10\/11\/hoffnung-nach-den-ereignissen-in-halle-gesamtschule-waldbroel-setzt-ein-zeichen-fuer-solidaritaet-und-toleranz\/","title":{"rendered":"Hoffnung nach den Ereignissen in Halle \u2013 Gesamtschule Waldbr\u00f6l setzt ein Zeichen f\u00fcr Solidarit\u00e4t und Toleranz"},"content":{"rendered":"<p>Dass die Werte \u201eihrer\u201c Schulhand f\u00fcr die Sch\u00fclerInnen der Gesamtschule Waldbr\u00f6l aus dem Schulalltag nicht wegzudenken sind, bewiesen sie eindrucksvoll durch ihre Reaktion auf den Anschlag auf eine Synagoge in Halle am vergangenen Mittwoch. Die Schulhand steht f\u00fcr Verantwortung, Freundlichkeit, Toleranz, Solidarit\u00e4t und Leistungsbereitschaft. Die Initiative aus der Sch\u00fclerschaft, ein Zeichen der Hoffnung nach Halle zu senden, spiegelte all diese Werte beeindruckend wider. Nachdem Frau Heinrichs, Leiterin der AG &#8222;Schule ohne Rassimus &#8211; Schule mit Courage&#8220; in der Schule mehrfach auf den Anschlag angesprochen worden war und die SuS forderten, dass \u201eman da doch etwas machen m\u00fcsse\u201c, entwickelten die Sch\u00fclerinnen und Sch\u00fcler der AG die Idee, mit der Fahrtenwochenbesetzung der Schulgemeinde ein lebendiges Zeichen gegen Gewalt und Ausgrenzung zu setzen.<\/p>\n<p>\u201eDas ist ja, als ob an Weihnachten jemand in eine Kirche schie\u00dft. Das geht ja gar nicht!\u201c, stellte beispielsweise eine Sechstkl\u00e4sslerin emp\u00f6rt fest, nachdem sie im Unterrichtsgespr\u00e4ch verstanden hatte, dass sich der Attent\u00e4ter den h\u00f6chsten j\u00fcdischen Feiertag, das Vers\u00f6hnungsfest Jom Kippur, f\u00fcr seinen Anschlag ausgesucht hatte.<\/p>\n<p>Die Sch\u00fclerInnen entschieden sich zur Solidarit\u00e4tsbekundung mit dem Symbol der Kerze, weil es ihnen sehr wichtig war, ihre Anteilnahme mit den Opfern des Anschlags zum Ausdruck zu bringen und ein positives Zeichen der Hoffnung zu setzen. \u201eWir haben doch letztes Jahr bei der Fensterdemo \u201eWir sind mehr\u201c mitgemacht! Wann kapieren die das denn endlich?\u201c, \u00e4u\u00dferte ein weiterer Sechstkl\u00e4ssler w\u00fctend, w\u00e4hrend er half, die Umrisse der Kerze f\u00fcr die Aktion auf den Boden des Schulhofs zu zeichnen. Um 11.15 Uhr war es dann soweit und die SuS bildeten ein 350k\u00f6pfige Kerze. Schulleiterin Kirsten Wallbaum-Buchholz und die Leiterin der AG &#8222;Schule ohne Rassismus &#8211; Schule mit Courage&#8220; koordinierten die Aktion und beteiligten sich nat\u00fcrlich auch selbst. Und auch die Politik nahm Anteil: F\u00fcr die CDU-Fraktion im Waldbr\u00f6ler Stadtrat kam Ratsherr Eberhard Weber, ehemaliger Sch\u00fclervater und langj\u00e4hrig engagierter Elternvertreter an der Gesamtschule, auf das Schulgel\u00e4nde. &#8222;Eine tolle Aktion\u201c, lobte er den Einsatz der Sch\u00fclerinnen und Sch\u00fcler f\u00fcr das demokratische Miteinander.<\/p>\n<p><img decoding=\"async\" class=\"lazyload alignright  wp-image-8524\" src=\"https:\/\/gesamtschule-waldbroel.de\/wp\/wp-content\/uploads\/2019\/10\/WhatsApp-Image-2019-10-09-at-23.14.59-200x150.jpeg\" data-orig-src=\"https:\/\/gesamtschule-waldbroel.de\/wp\/wp-content\/uploads\/2019\/10\/WhatsApp-Image-2019-10-09-at-23.14.59-200x150.jpeg\" alt=\"\" width=\"317\" height=\"238\" srcset=\"data:image\/svg+xml,%3Csvg%20xmlns%3D%27http%3A%2F%2Fwww.w3.org%2F2000%2Fsvg%27%20width%3D%27317%27%20height%3D%27238%27%20viewBox%3D%270%200%20317%20238%27%3E%3Crect%20width%3D%27317%27%20height%3D%27238%27%20fill-opacity%3D%220%22%2F%3E%3C%2Fsvg%3E\" data-srcset=\"https:\/\/gesamtschule-waldbroel.de\/wp\/wp-content\/uploads\/2019\/10\/WhatsApp-Image-2019-10-09-at-23.14.59-200x150.jpeg 200w, https:\/\/gesamtschule-waldbroel.de\/wp\/wp-content\/uploads\/2019\/10\/WhatsApp-Image-2019-10-09-at-23.14.59-400x300.jpeg 400w, https:\/\/gesamtschule-waldbroel.de\/wp\/wp-content\/uploads\/2019\/10\/WhatsApp-Image-2019-10-09-at-23.14.59-600x450.jpeg 600w, https:\/\/gesamtschule-waldbroel.de\/wp\/wp-content\/uploads\/2019\/10\/WhatsApp-Image-2019-10-09-at-23.14.59-768x576.jpeg 768w, https:\/\/gesamtschule-waldbroel.de\/wp\/wp-content\/uploads\/2019\/10\/WhatsApp-Image-2019-10-09-at-23.14.59-800x600.jpeg 800w, https:\/\/gesamtschule-waldbroel.de\/wp\/wp-content\/uploads\/2019\/10\/WhatsApp-Image-2019-10-09-at-23.14.59-1200x900.jpeg 1200w, https:\/\/gesamtschule-waldbroel.de\/wp\/wp-content\/uploads\/2019\/10\/WhatsApp-Image-2019-10-09-at-23.14.59.jpeg 1600w\" data-sizes=\"auto\" data-orig-sizes=\"(max-width: 317px) 100vw, 317px\" \/>Auch aus der Ferne beteiligten sich Sch\u00fclerinnen und Sch\u00fcler an der Solidarit\u00e4tsaktion. Aus Prag erreichte uns schon Donnerstag ein Bild der sich solidarisierenden Klasse 10c. Die Klasse reagierte sehr best\u00fcrzt auf das Ereignis. Sie setzt sich auf ihrer Gedenkst\u00e4ttenfahrt gerade intensiv mit dem Thema Antisemitismus auseinander und besuchte neben dem j\u00fcdischen Friedhof in Prag und der Synagoge auch das \u201cLager Theresienstadt\u201d.<\/p>\n<p>&nbsp;<\/p>\n<p><img decoding=\"async\" class=\"lazyload  wp-image-8527 alignleft\" src=\"https:\/\/gesamtschule-waldbroel.de\/wp\/wp-content\/uploads\/2019\/10\/IMG-20191009-WA0007-200x150.jpg\" data-orig-src=\"https:\/\/gesamtschule-waldbroel.de\/wp\/wp-content\/uploads\/2019\/10\/IMG-20191009-WA0007-200x150.jpg\" alt=\"\" width=\"247\" height=\"185\" srcset=\"data:image\/svg+xml,%3Csvg%20xmlns%3D%27http%3A%2F%2Fwww.w3.org%2F2000%2Fsvg%27%20width%3D%27247%27%20height%3D%27185%27%20viewBox%3D%270%200%20247%20185%27%3E%3Crect%20width%3D%27247%27%20height%3D%27185%27%20fill-opacity%3D%220%22%2F%3E%3C%2Fsvg%3E\" data-srcset=\"https:\/\/gesamtschule-waldbroel.de\/wp\/wp-content\/uploads\/2019\/10\/IMG-20191009-WA0007-200x150.jpg 200w, https:\/\/gesamtschule-waldbroel.de\/wp\/wp-content\/uploads\/2019\/10\/IMG-20191009-WA0007-400x300.jpg 400w, https:\/\/gesamtschule-waldbroel.de\/wp\/wp-content\/uploads\/2019\/10\/IMG-20191009-WA0007-600x450.jpg 600w, https:\/\/gesamtschule-waldbroel.de\/wp\/wp-content\/uploads\/2019\/10\/IMG-20191009-WA0007-768x576.jpg 768w, https:\/\/gesamtschule-waldbroel.de\/wp\/wp-content\/uploads\/2019\/10\/IMG-20191009-WA0007-800x600.jpg 800w, https:\/\/gesamtschule-waldbroel.de\/wp\/wp-content\/uploads\/2019\/10\/IMG-20191009-WA0007-1200x900.jpg 1200w, https:\/\/gesamtschule-waldbroel.de\/wp\/wp-content\/uploads\/2019\/10\/IMG-20191009-WA0007.jpg 1600w\" data-sizes=\"auto\" data-orig-sizes=\"(max-width: 247px) 100vw, 247px\" \/><\/p>\n<p>Und auch von anderen auf Fahrten befindlichen Sch\u00fclerInnengruppen kamen Solidarit\u00e4tsbekundungen. So meldete sich zum Beispiel die Gruppe es &#8222;Erasmus-Plus&#8220;-Projekts von ihrer Fahrt zu der polnischen Partnerschule mit einer kurzen Nachricht und einem Bild: &#8222;Zwar nicht in Form einer Kerze, daf\u00fcr aber mit umso mehr europ\u00e4ischer<br \/>\nSolidarit\u00e4t und Freundschaft, kommt hier ein Bild der ERASMUS-Gruppe in<br \/>\nPolen, die gerne die Aktion unterst\u00fctzen m\u00f6chte.&#8220;<\/p>\n<p>&nbsp;<\/p>\n<p><img decoding=\"async\" class=\"lazyload alignright size-full wp-image-8529\" src=\"https:\/\/gesamtschule-waldbroel.de\/wp\/wp-content\/uploads\/2019\/10\/2.jpg\" data-orig-src=\"https:\/\/gesamtschule-waldbroel.de\/wp\/wp-content\/uploads\/2019\/10\/2.jpg\" alt=\"\" width=\"2000\" height=\"3000\" srcset=\"data:image\/svg+xml,%3Csvg%20xmlns%3D%27http%3A%2F%2Fwww.w3.org%2F2000%2Fsvg%27%20width%3D%272000%27%20height%3D%273000%27%20viewBox%3D%270%200%202000%203000%27%3E%3Crect%20width%3D%272000%27%20height%3D%273000%27%20fill-opacity%3D%220%22%2F%3E%3C%2Fsvg%3E\" data-srcset=\"https:\/\/gesamtschule-waldbroel.de\/wp\/wp-content\/uploads\/2019\/10\/2-200x300.jpg 200w, https:\/\/gesamtschule-waldbroel.de\/wp\/wp-content\/uploads\/2019\/10\/2-400x600.jpg 400w, https:\/\/gesamtschule-waldbroel.de\/wp\/wp-content\/uploads\/2019\/10\/2-600x900.jpg 600w, https:\/\/gesamtschule-waldbroel.de\/wp\/wp-content\/uploads\/2019\/10\/2-768x1152.jpg 768w, https:\/\/gesamtschule-waldbroel.de\/wp\/wp-content\/uploads\/2019\/10\/2-800x1200.jpg 800w, https:\/\/gesamtschule-waldbroel.de\/wp\/wp-content\/uploads\/2019\/10\/2-1200x1800.jpg 1200w, https:\/\/gesamtschule-waldbroel.de\/wp\/wp-content\/uploads\/2019\/10\/2-1333x2000.jpg 1333w, https:\/\/gesamtschule-waldbroel.de\/wp\/wp-content\/uploads\/2019\/10\/2.jpg 2000w\" data-sizes=\"auto\" data-orig-sizes=\"(max-width: 2000px) 100vw, 2000px\" \/><\/p>\n","protected":false},"excerpt":{"rendered":"<p>Dass die Werte \u201eihrer\u201c Schulhand f\u00fcr die Sch\u00fclerInnen der Gesamtschule Waldbr\u00f6l aus dem Schulalltag nicht wegzudenken sind, bewiesen sie eindrucksvoll durch ihre Reaktion auf den Anschlag auf eine Synagoge in Halle am vergangenen Mittwoch. Die Schulhand steht f\u00fcr Verantwortung, Freundlichkeit, Toleranz, Solidarit\u00e4t und Leistungsbereitschaft. Die Initiative aus der Sch\u00fclerschaft, ein Zeichen der Hoffnung nach Halle  [mehr&#8230;]<\/p>\n","protected":false},"author":1,"featured_media":8528,"comment_status":"closed","ping_status":"open","sticky":false,"template":"","format":"standard","meta":{"xn-wppe-expiration":[],"xn-wppe-expiration-action":[],"xn-wppe-expiration-prefix":[],"footnotes":""},"categories":[19,20,12,246,21,115,48],"tags":[],"class_list":["post-8526","post","type-post","status-publish","format-standard","has-post-thumbnail","hentry","category-abteilung-i","category-abteilung-ii","category-aktuelles","category-erasmus-plus","category-oberstufe","category-schule-ohne-rassismus-schule-mit-courage","category-veranstaltungen"],"aioseo_notices":[],"_links":{"self":[{"href":"https:\/\/gesamtschule-waldbroel.de\/wp\/wp-json\/wp\/v2\/posts\/8526","targetHints":{"allow":["GET"]}}],"collection":[{"href":"https:\/\/gesamtschule-waldbroel.de\/wp\/wp-json\/wp\/v2\/posts"}],"about":[{"href":"https:\/\/gesamtschule-waldbroel.de\/wp\/wp-json\/wp\/v2\/types\/post"}],"author":[{"embeddable":true,"href":"https:\/\/gesamtschule-waldbroel.de\/wp\/wp-json\/wp\/v2\/users\/1"}],"replies":[{"embeddable":true,"href":"https:\/\/gesamtschule-waldbroel.de\/wp\/wp-json\/wp\/v2\/comments?post=8526"}],"version-history":[{"count":1,"href":"https:\/\/gesamtschule-waldbroel.de\/wp\/wp-json\/wp\/v2\/posts\/8526\/revisions"}],"predecessor-version":[{"id":8530,"href":"https:\/\/gesamtschule-waldbroel.de\/wp\/wp-json\/wp\/v2\/posts\/8526\/revisions\/8530"}],"wp:featuredmedia":[{"embeddable":true,"href":"https:\/\/gesamtschule-waldbroel.de\/wp\/wp-json\/wp\/v2\/media\/8528"}],"wp:attachment":[{"href":"https:\/\/gesamtschule-waldbroel.de\/wp\/wp-json\/wp\/v2\/media?parent=8526"}],"wp:term":[{"taxonomy":"category","embeddable":true,"href":"https:\/\/gesamtschule-waldbroel.de\/wp\/wp-json\/wp\/v2\/categories?post=8526"},{"taxonomy":"post_tag","embeddable":true,"href":"https:\/\/gesamtschule-waldbroel.de\/wp\/wp-json\/wp\/v2\/tags?post=8526"}],"curies":[{"name":"wp","href":"https:\/\/api.w.org\/{rel}","templated":true}]}}