{"id":8771,"date":"2019-12-13T20:31:25","date_gmt":"2019-12-13T19:31:25","guid":{"rendered":"https:\/\/gesamtschule-waldbroel.de\/wp\/?p=8771"},"modified":"2019-12-13T20:48:54","modified_gmt":"2019-12-13T19:48:54","slug":"strahlende-buehnenshow-bei-lichter-im-advent","status":"publish","type":"post","link":"https:\/\/gesamtschule-waldbroel.de\/wp\/2019\/12\/13\/strahlende-buehnenshow-bei-lichter-im-advent\/","title":{"rendered":"Strahlende B\u00fchnenshow bei &#8222;Lichter im Advent&#8220;"},"content":{"rendered":"<p>\u201eStille Nacht\u201c, \u201eIn der sch\u00f6nen Weihnachtszeit\u201c, \u201eWie die Weihnachtsgeschichte heute ablaufen w\u00fcrde\u201c \u2013 das Programmheft der diesj\u00e4hrigen Revue \u201eLichter im Advent\u201c machte kein Geheimnis um den Charakter der Veranstaltung. Mit einem stimmungsvollen Lichterfest l\u00e4utete die Gesamtschule das Ende des Kalenderjahres ein. Die Veranstaltung, 2015 zur damaligen \u00dcbergabe der neuen Lichtanlage der Gesamtschule durch den F\u00f6rderverein ins Leben gerufen, ist mittlerweile liebgewonnene Tradition. Viele Eltern, Sch\u00fclerinnen und Sch\u00fcler sowie Ehemalige besuchen die Schule an diesem Tag, um die adventliche Stimmung zu genie\u00dfen.<\/p>\n<p>In diesem Jahr wurden Besucherinnen und Besucher von einem Caf\u00e9 empfangen, in welchem der Abiturjahrgang 2020 mit einem gro\u00dfen Kuchenbuffet sowie k\u00fchlen und warmen Getr\u00e4nken aufwartete.<\/p>\n<p>Am fr\u00fchen Abend startete die gro\u00dfe B\u00fchnenshow mit der Big Band, die drei ihrer neuesten St\u00fccke zum Besten gab. Die Band, gr\u00f6\u00dftenteils besetzt aus Sch\u00fclerinnen und Sch\u00fclern der Musikklasse 8d, f\u00fchrt sowohl Big-Band-Klassiker als auch neuere St\u00fccke, wie bspw. \u201eFirework\u201c von Katy Perry, in ihrem Programm. Dann \u00fcbernahmen die Moderatorinnen, drei Sch\u00fclerinnen der Klasse 8a, die durch das Programm f\u00fchrten.<\/p>\n<p>Die Klasse 6a unter der Leitung von Frau Langenbach und Frau Giersbach pr\u00e4sentierte den ersten Theaterbeitrag. In einer kurzen Szene stellte sie das Weihnachtsfest in einer \u201eganz normalen Familie\u201c dar und pl\u00e4dierte dabei f\u00fcr weniger Streiterei und Smartphone-Ablenkung. Ihren Appell kr\u00f6nte die Klasse mit einer selbst geschriebenen Variante von Rolf Zuckowskis \u201eIn der Weihnachtsb\u00e4ckerei\u201c mit dem Titel \u201eIn der sch\u00f6nen Weihnachtszeit\u201c.<\/p>\n<p>Anschlie\u00dfend zeigte die Klasse 6b unter der Leitung von Frau Hellermann eine sph\u00e4rische Tanzperformance auf das Lied \u201eTake me into your skin\u201c von Trentem\u00f8ller. Passend zum Titel der Veranstaltung wurde der Saal dabei von vielen \u201eLichtern im Advent\u201c erf\u00fcllt, auch ein Schwarzlicht-Part wurde in den Tanz eingebaut.<\/p>\n<p>T\u00e4nzerisch ging es auch anschlie\u00dfend mit der Klasse 8a weiter, die \u201eDas Sch\u00f6nste an Weihnachten\u201c, die \u201eBesinnlichkeit\u201c, durch eine perfomatorische Gegen\u00fcberstellung von Besinnlichkeit und Trubel inszenierten.<\/p>\n<p>Multimedial ging es dann auf die Pause zu. Die Musikklasse 7d inszenierte das Gedankenexperiment \u201eWie die Weihnachtsgeschichte heute ablaufen w\u00fcrde\u201c als Nachrichtensendung, in der sich Polizei, Psychologen und Streetworker mit kleinen Videos \u201elive\u201c vom Stall in Betlehem meldeten.<\/p>\n<p>Nach der Pause wurde es wieder musikalisch. Die Bl\u00e4serklasse 7d spielte unter der Leitung von Herrn Kanzler zwei St\u00fccke aus ihrem Weihnachtsrepertoir.<\/p>\n<p>Orientalisch ging es im anschlie\u00dfenden Beitrag der Klasse 6d unter der Leitung von Frau Heinrichs und Herrn K\u00f6hler zu. Die Klasse pr\u00e4sentierte einen Auszug aus \u201eKalif Storch\u201c. Das Kunstm\u00e4rchen von Wilhelm Hauff wird im n\u00e4chsten Jahr als Klassenprojekt vollst\u00e4ndig aufgef\u00fchrt werden.<\/p>\n<p>Zur vorger\u00fcckter Stunde war es nun Zeit f\u00fcr reine Oberstufenbeitr\u00e4ge: der Literaturkurs 12 unter der Leitung von Frau Gaibur zeigte einen Teaser zu ihrem St\u00fcck \u201eAll Inklusive\u201c, welches sie im Mai 2020 vorstellen werden.<\/p>\n<p>Anschlie\u00dfend trugen Sch\u00fclerinnen und Sch\u00fcler der Klasse 8a noch ein Weihnachtsgedicht vor. Den Abschluss der Veranstaltung boten drei Sch\u00fclerinnen der Klasse 9a, die unter Begleitung von Herr Boenisch gemeinsam mit den Zuschauern \u201eStille Nacht\u201c sangen. In besinnlicher, adventlicher Atmosph\u00e4re verklang auf diese Weise eine begeisternde Veranstaltung.<\/p>\n<p>Fotos: Liza Engel und Pia Heister (Q1)<\/p>\n<div class=\"wpmf-gallerys wpmf-gallerys-life \" ><div id=\"gallery-1\"\n data-gutter-width=\"5\"\n  data-wpmfcolumns=\"3\" class=\"wpmf-gallery gallery-link-file gallery_life gallery-masonry gallery-columns-3 gallery-size-large wpmf-gallery-bottomspace-default wpmf-gallery-clear wpmf-has-border-radius-0 wpmf-gutterwidth-5\"><div class=\"wpmf-gallery-item\n     wpmf-gallery-item-position-0 wpmf-gallery-item-attachment-8815\" data-index=\"0\"><div class=\"wpmf-gallery-icon\"><a class=\" not_video noLightbox\" data-lightbox=\"1\" data-href=\"https:\/\/gesamtschule-waldbroel.de\/wp\/wp-content\/uploads\/2019\/12\/1-2-scaled.jpg\" title=\"1\" target=\"_self\" data-index=\"0\"><img decoding=\"async\" class=\"lazyload wpmf_img\" alt=\"1\" src=\"data:image\/svg+xml,%3Csvg%20xmlns%3D%27http%3A%2F%2Fwww.w3.org%2F2000%2Fsvg%27%20width%3D%272560%27%20height%3D%271707%27%20viewBox%3D%270%200%202560%201707%27%3E%3Crect%20width%3D%272560%27%20height%3D%271707%27%20fill-opacity%3D%220%22%2F%3E%3C%2Fsvg%3E\" data-orig-src=\"https:\/\/gesamtschule-waldbroel.de\/wp\/wp-content\/uploads\/2019\/12\/1-2-scaled.jpg\" data-type=\"wpmfgalleryimg\" data-attachment-id=\"8815\" data-wpmf-size=\"large\" data-lazy-src=\"https:\/\/gesamtschule-waldbroel.de\/wp\/wp-content\/uploads\/2019\/12\/1-2-scaled.jpg\"><\/a><\/div><\/div><div class=\"wpmf-gallery-item\n     wpmf-gallery-item-position-1 wpmf-gallery-item-attachment-8824\" data-index=\"1\"><div class=\"wpmf-gallery-icon\"><a class=\" not_video noLightbox\" data-lightbox=\"1\" data-href=\"https:\/\/gesamtschule-waldbroel.de\/wp\/wp-content\/uploads\/2019\/12\/10-1-scaled.jpg\" title=\"10\" target=\"_self\" data-index=\"1\"><img decoding=\"async\" class=\"lazyload wpmf_img\" alt=\"10\" src=\"data:image\/svg+xml,%3Csvg%20xmlns%3D%27http%3A%2F%2Fwww.w3.org%2F2000%2Fsvg%27%20width%3D%272560%27%20height%3D%271707%27%20viewBox%3D%270%200%202560%201707%27%3E%3Crect%20width%3D%272560%27%20height%3D%271707%27%20fill-opacity%3D%220%22%2F%3E%3C%2Fsvg%3E\" data-orig-src=\"https:\/\/gesamtschule-waldbroel.de\/wp\/wp-content\/uploads\/2019\/12\/10-1-scaled.jpg\" data-type=\"wpmfgalleryimg\" data-attachment-id=\"8824\" data-wpmf-size=\"large\" data-lazy-src=\"https:\/\/gesamtschule-waldbroel.de\/wp\/wp-content\/uploads\/2019\/12\/10-1-scaled.jpg\"><\/a><\/div><\/div><div class=\"wpmf-gallery-item\n     wpmf-gallery-item-position-2 wpmf-gallery-item-attachment-8825\" data-index=\"2\"><div class=\"wpmf-gallery-icon\"><a class=\" not_video noLightbox\" data-lightbox=\"1\" data-href=\"https:\/\/gesamtschule-waldbroel.de\/wp\/wp-content\/uploads\/2019\/12\/11-1-scaled.jpg\" title=\"11\" target=\"_self\" data-index=\"2\"><img decoding=\"async\" class=\"lazyload wpmf_img\" alt=\"11\" src=\"data:image\/svg+xml,%3Csvg%20xmlns%3D%27http%3A%2F%2Fwww.w3.org%2F2000%2Fsvg%27%20width%3D%272560%27%20height%3D%271707%27%20viewBox%3D%270%200%202560%201707%27%3E%3Crect%20width%3D%272560%27%20height%3D%271707%27%20fill-opacity%3D%220%22%2F%3E%3C%2Fsvg%3E\" data-orig-src=\"https:\/\/gesamtschule-waldbroel.de\/wp\/wp-content\/uploads\/2019\/12\/11-1-scaled.jpg\" data-type=\"wpmfgalleryimg\" data-attachment-id=\"8825\" data-wpmf-size=\"large\" data-lazy-src=\"https:\/\/gesamtschule-waldbroel.de\/wp\/wp-content\/uploads\/2019\/12\/11-1-scaled.jpg\"><\/a><\/div><\/div><div class=\"wpmf-gallery-item\n     wpmf-gallery-item-position-3 wpmf-gallery-item-attachment-8826\" data-index=\"3\"><div class=\"wpmf-gallery-icon\"><a class=\" not_video noLightbox\" data-lightbox=\"1\" data-href=\"https:\/\/gesamtschule-waldbroel.de\/wp\/wp-content\/uploads\/2019\/12\/12-1-scaled.jpg\" title=\"12\" target=\"_self\" data-index=\"3\"><img decoding=\"async\" class=\"lazyload wpmf_img\" alt=\"12\" src=\"data:image\/svg+xml,%3Csvg%20xmlns%3D%27http%3A%2F%2Fwww.w3.org%2F2000%2Fsvg%27%20width%3D%272560%27%20height%3D%271707%27%20viewBox%3D%270%200%202560%201707%27%3E%3Crect%20width%3D%272560%27%20height%3D%271707%27%20fill-opacity%3D%220%22%2F%3E%3C%2Fsvg%3E\" data-orig-src=\"https:\/\/gesamtschule-waldbroel.de\/wp\/wp-content\/uploads\/2019\/12\/12-1-scaled.jpg\" data-type=\"wpmfgalleryimg\" data-attachment-id=\"8826\" data-wpmf-size=\"large\" data-lazy-src=\"https:\/\/gesamtschule-waldbroel.de\/wp\/wp-content\/uploads\/2019\/12\/12-1-scaled.jpg\"><\/a><\/div><\/div><div class=\"wpmf-gallery-item\n     wpmf-gallery-item-position-4 wpmf-gallery-item-attachment-8827\" data-index=\"4\"><div class=\"wpmf-gallery-icon\"><a class=\" not_video noLightbox\" data-lightbox=\"1\" data-href=\"https:\/\/gesamtschule-waldbroel.de\/wp\/wp-content\/uploads\/2019\/12\/13-1-scaled.jpg\" title=\"13\" target=\"_self\" data-index=\"4\"><img decoding=\"async\" class=\"lazyload wpmf_img\" alt=\"13\" src=\"data:image\/svg+xml,%3Csvg%20xmlns%3D%27http%3A%2F%2Fwww.w3.org%2F2000%2Fsvg%27%20width%3D%272560%27%20height%3D%271707%27%20viewBox%3D%270%200%202560%201707%27%3E%3Crect%20width%3D%272560%27%20height%3D%271707%27%20fill-opacity%3D%220%22%2F%3E%3C%2Fsvg%3E\" data-orig-src=\"https:\/\/gesamtschule-waldbroel.de\/wp\/wp-content\/uploads\/2019\/12\/13-1-scaled.jpg\" data-type=\"wpmfgalleryimg\" data-attachment-id=\"8827\" data-wpmf-size=\"large\" data-lazy-src=\"https:\/\/gesamtschule-waldbroel.de\/wp\/wp-content\/uploads\/2019\/12\/13-1-scaled.jpg\"><\/a><\/div><\/div><div class=\"wpmf-gallery-item\n     wpmf-gallery-item-position-5 wpmf-gallery-item-attachment-8828\" data-index=\"5\"><div class=\"wpmf-gallery-icon\"><a class=\" not_video noLightbox\" data-lightbox=\"1\" data-href=\"https:\/\/gesamtschule-waldbroel.de\/wp\/wp-content\/uploads\/2019\/12\/14-1-scaled.jpg\" title=\"14\" target=\"_self\" data-index=\"5\"><img decoding=\"async\" class=\"lazyload wpmf_img\" alt=\"14\" src=\"data:image\/svg+xml,%3Csvg%20xmlns%3D%27http%3A%2F%2Fwww.w3.org%2F2000%2Fsvg%27%20width%3D%272560%27%20height%3D%271707%27%20viewBox%3D%270%200%202560%201707%27%3E%3Crect%20width%3D%272560%27%20height%3D%271707%27%20fill-opacity%3D%220%22%2F%3E%3C%2Fsvg%3E\" data-orig-src=\"https:\/\/gesamtschule-waldbroel.de\/wp\/wp-content\/uploads\/2019\/12\/14-1-scaled.jpg\" data-type=\"wpmfgalleryimg\" data-attachment-id=\"8828\" data-wpmf-size=\"large\" data-lazy-src=\"https:\/\/gesamtschule-waldbroel.de\/wp\/wp-content\/uploads\/2019\/12\/14-1-scaled.jpg\"><\/a><\/div><\/div><div class=\"wpmf-gallery-item\n     wpmf-gallery-item-position-6 wpmf-gallery-item-attachment-8829\" data-index=\"6\"><div class=\"wpmf-gallery-icon\"><a class=\" not_video noLightbox\" data-lightbox=\"1\" data-href=\"https:\/\/gesamtschule-waldbroel.de\/wp\/wp-content\/uploads\/2019\/12\/15-1-scaled.jpg\" title=\"15\" target=\"_self\" data-index=\"6\"><img decoding=\"async\" class=\"lazyload wpmf_img\" alt=\"15\" src=\"data:image\/svg+xml,%3Csvg%20xmlns%3D%27http%3A%2F%2Fwww.w3.org%2F2000%2Fsvg%27%20width%3D%272560%27%20height%3D%271707%27%20viewBox%3D%270%200%202560%201707%27%3E%3Crect%20width%3D%272560%27%20height%3D%271707%27%20fill-opacity%3D%220%22%2F%3E%3C%2Fsvg%3E\" data-orig-src=\"https:\/\/gesamtschule-waldbroel.de\/wp\/wp-content\/uploads\/2019\/12\/15-1-scaled.jpg\" data-type=\"wpmfgalleryimg\" data-attachment-id=\"8829\" data-wpmf-size=\"large\" data-lazy-src=\"https:\/\/gesamtschule-waldbroel.de\/wp\/wp-content\/uploads\/2019\/12\/15-1-scaled.jpg\"><\/a><\/div><\/div><div class=\"wpmf-gallery-item\n     wpmf-gallery-item-position-7 wpmf-gallery-item-attachment-8830\" data-index=\"7\"><div class=\"wpmf-gallery-icon\"><a class=\" not_video noLightbox\" data-lightbox=\"1\" data-href=\"https:\/\/gesamtschule-waldbroel.de\/wp\/wp-content\/uploads\/2019\/12\/16-1-scaled.jpg\" title=\"16\" target=\"_self\" data-index=\"7\"><img decoding=\"async\" class=\"lazyload wpmf_img\" alt=\"16\" src=\"data:image\/svg+xml,%3Csvg%20xmlns%3D%27http%3A%2F%2Fwww.w3.org%2F2000%2Fsvg%27%20width%3D%272560%27%20height%3D%271707%27%20viewBox%3D%270%200%202560%201707%27%3E%3Crect%20width%3D%272560%27%20height%3D%271707%27%20fill-opacity%3D%220%22%2F%3E%3C%2Fsvg%3E\" data-orig-src=\"https:\/\/gesamtschule-waldbroel.de\/wp\/wp-content\/uploads\/2019\/12\/16-1-scaled.jpg\" data-type=\"wpmfgalleryimg\" data-attachment-id=\"8830\" data-wpmf-size=\"large\" data-lazy-src=\"https:\/\/gesamtschule-waldbroel.de\/wp\/wp-content\/uploads\/2019\/12\/16-1-scaled.jpg\"><\/a><\/div><\/div><div class=\"wpmf-gallery-item\n     wpmf-gallery-item-position-8 wpmf-gallery-item-attachment-8831\" data-index=\"8\"><div class=\"wpmf-gallery-icon\"><a class=\" not_video noLightbox\" data-lightbox=\"1\" data-href=\"https:\/\/gesamtschule-waldbroel.de\/wp\/wp-content\/uploads\/2019\/12\/17-1-scaled.jpg\" title=\"17\" target=\"_self\" data-index=\"8\"><img decoding=\"async\" class=\"lazyload wpmf_img\" alt=\"17\" src=\"data:image\/svg+xml,%3Csvg%20xmlns%3D%27http%3A%2F%2Fwww.w3.org%2F2000%2Fsvg%27%20width%3D%272560%27%20height%3D%271707%27%20viewBox%3D%270%200%202560%201707%27%3E%3Crect%20width%3D%272560%27%20height%3D%271707%27%20fill-opacity%3D%220%22%2F%3E%3C%2Fsvg%3E\" data-orig-src=\"https:\/\/gesamtschule-waldbroel.de\/wp\/wp-content\/uploads\/2019\/12\/17-1-scaled.jpg\" data-type=\"wpmfgalleryimg\" data-attachment-id=\"8831\" data-wpmf-size=\"large\" data-lazy-src=\"https:\/\/gesamtschule-waldbroel.de\/wp\/wp-content\/uploads\/2019\/12\/17-1-scaled.jpg\"><\/a><\/div><\/div><div class=\"wpmf-gallery-item\n     wpmf-gallery-item-position-9 wpmf-gallery-item-attachment-8832\" data-index=\"9\"><div class=\"wpmf-gallery-icon\"><a class=\" not_video noLightbox\" data-lightbox=\"1\" data-href=\"https:\/\/gesamtschule-waldbroel.de\/wp\/wp-content\/uploads\/2019\/12\/18-1-scaled.jpg\" title=\"18\" target=\"_self\" data-index=\"9\"><img decoding=\"async\" class=\"lazyload wpmf_img\" alt=\"18\" src=\"data:image\/svg+xml,%3Csvg%20xmlns%3D%27http%3A%2F%2Fwww.w3.org%2F2000%2Fsvg%27%20width%3D%272560%27%20height%3D%271707%27%20viewBox%3D%270%200%202560%201707%27%3E%3Crect%20width%3D%272560%27%20height%3D%271707%27%20fill-opacity%3D%220%22%2F%3E%3C%2Fsvg%3E\" data-orig-src=\"https:\/\/gesamtschule-waldbroel.de\/wp\/wp-content\/uploads\/2019\/12\/18-1-scaled.jpg\" data-type=\"wpmfgalleryimg\" data-attachment-id=\"8832\" data-wpmf-size=\"large\" data-lazy-src=\"https:\/\/gesamtschule-waldbroel.de\/wp\/wp-content\/uploads\/2019\/12\/18-1-scaled.jpg\"><\/a><\/div><\/div><div class=\"wpmf-gallery-item\n     wpmf-gallery-item-position-10 wpmf-gallery-item-attachment-8833\" data-index=\"10\"><div class=\"wpmf-gallery-icon\"><a class=\" not_video noLightbox\" data-lightbox=\"1\" data-href=\"https:\/\/gesamtschule-waldbroel.de\/wp\/wp-content\/uploads\/2019\/12\/19-1-scaled.jpg\" title=\"19\" target=\"_self\" data-index=\"10\"><img decoding=\"async\" class=\"lazyload wpmf_img\" alt=\"19\" src=\"data:image\/svg+xml,%3Csvg%20xmlns%3D%27http%3A%2F%2Fwww.w3.org%2F2000%2Fsvg%27%20width%3D%272560%27%20height%3D%271707%27%20viewBox%3D%270%200%202560%201707%27%3E%3Crect%20width%3D%272560%27%20height%3D%271707%27%20fill-opacity%3D%220%22%2F%3E%3C%2Fsvg%3E\" data-orig-src=\"https:\/\/gesamtschule-waldbroel.de\/wp\/wp-content\/uploads\/2019\/12\/19-1-scaled.jpg\" data-type=\"wpmfgalleryimg\" data-attachment-id=\"8833\" data-wpmf-size=\"large\" data-lazy-src=\"https:\/\/gesamtschule-waldbroel.de\/wp\/wp-content\/uploads\/2019\/12\/19-1-scaled.jpg\"><\/a><\/div><\/div><div class=\"wpmf-gallery-item\n     wpmf-gallery-item-position-11 wpmf-gallery-item-attachment-8816\" data-index=\"11\"><div class=\"wpmf-gallery-icon\"><a class=\" not_video noLightbox\" data-lightbox=\"1\" data-href=\"https:\/\/gesamtschule-waldbroel.de\/wp\/wp-content\/uploads\/2019\/12\/2-2-scaled.jpg\" title=\"2\" target=\"_self\" data-index=\"11\"><img decoding=\"async\" class=\"lazyload wpmf_img\" alt=\"2\" src=\"data:image\/svg+xml,%3Csvg%20xmlns%3D%27http%3A%2F%2Fwww.w3.org%2F2000%2Fsvg%27%20width%3D%271707%27%20height%3D%272560%27%20viewBox%3D%270%200%201707%202560%27%3E%3Crect%20width%3D%271707%27%20height%3D%272560%27%20fill-opacity%3D%220%22%2F%3E%3C%2Fsvg%3E\" data-orig-src=\"https:\/\/gesamtschule-waldbroel.de\/wp\/wp-content\/uploads\/2019\/12\/2-2-scaled.jpg\" data-type=\"wpmfgalleryimg\" data-attachment-id=\"8816\" data-wpmf-size=\"large\" data-lazy-src=\"https:\/\/gesamtschule-waldbroel.de\/wp\/wp-content\/uploads\/2019\/12\/2-2-scaled.jpg\"><\/a><\/div><\/div><div class=\"wpmf-gallery-item\n     wpmf-gallery-item-position-12 wpmf-gallery-item-attachment-8834\" data-index=\"12\"><div class=\"wpmf-gallery-icon\"><a class=\" not_video noLightbox\" data-lightbox=\"1\" data-href=\"https:\/\/gesamtschule-waldbroel.de\/wp\/wp-content\/uploads\/2019\/12\/20-1-scaled.jpg\" title=\"20\" target=\"_self\" data-index=\"12\"><img decoding=\"async\" class=\"lazyload wpmf_img\" alt=\"20\" src=\"data:image\/svg+xml,%3Csvg%20xmlns%3D%27http%3A%2F%2Fwww.w3.org%2F2000%2Fsvg%27%20width%3D%272560%27%20height%3D%271707%27%20viewBox%3D%270%200%202560%201707%27%3E%3Crect%20width%3D%272560%27%20height%3D%271707%27%20fill-opacity%3D%220%22%2F%3E%3C%2Fsvg%3E\" data-orig-src=\"https:\/\/gesamtschule-waldbroel.de\/wp\/wp-content\/uploads\/2019\/12\/20-1-scaled.jpg\" data-type=\"wpmfgalleryimg\" data-attachment-id=\"8834\" data-wpmf-size=\"large\" data-lazy-src=\"https:\/\/gesamtschule-waldbroel.de\/wp\/wp-content\/uploads\/2019\/12\/20-1-scaled.jpg\"><\/a><\/div><\/div><div class=\"wpmf-gallery-item\n     wpmf-gallery-item-position-13 wpmf-gallery-item-attachment-8835\" data-index=\"13\"><div class=\"wpmf-gallery-icon\"><a class=\" not_video noLightbox\" data-lightbox=\"1\" data-href=\"https:\/\/gesamtschule-waldbroel.de\/wp\/wp-content\/uploads\/2019\/12\/21-1-scaled.jpg\" title=\"21\" target=\"_self\" data-index=\"13\"><img decoding=\"async\" class=\"lazyload wpmf_img\" alt=\"21\" src=\"data:image\/svg+xml,%3Csvg%20xmlns%3D%27http%3A%2F%2Fwww.w3.org%2F2000%2Fsvg%27%20width%3D%272560%27%20height%3D%271707%27%20viewBox%3D%270%200%202560%201707%27%3E%3Crect%20width%3D%272560%27%20height%3D%271707%27%20fill-opacity%3D%220%22%2F%3E%3C%2Fsvg%3E\" data-orig-src=\"https:\/\/gesamtschule-waldbroel.de\/wp\/wp-content\/uploads\/2019\/12\/21-1-scaled.jpg\" data-type=\"wpmfgalleryimg\" data-attachment-id=\"8835\" data-wpmf-size=\"large\" data-lazy-src=\"https:\/\/gesamtschule-waldbroel.de\/wp\/wp-content\/uploads\/2019\/12\/21-1-scaled.jpg\"><\/a><\/div><\/div><div class=\"wpmf-gallery-item\n     wpmf-gallery-item-position-14 wpmf-gallery-item-attachment-8836\" data-index=\"14\"><div class=\"wpmf-gallery-icon\"><a class=\" not_video noLightbox\" data-lightbox=\"1\" data-href=\"https:\/\/gesamtschule-waldbroel.de\/wp\/wp-content\/uploads\/2019\/12\/22-1-scaled.jpg\" title=\"22\" target=\"_self\" data-index=\"14\"><img decoding=\"async\" class=\"lazyload wpmf_img\" alt=\"22\" src=\"data:image\/svg+xml,%3Csvg%20xmlns%3D%27http%3A%2F%2Fwww.w3.org%2F2000%2Fsvg%27%20width%3D%272560%27%20height%3D%271707%27%20viewBox%3D%270%200%202560%201707%27%3E%3Crect%20width%3D%272560%27%20height%3D%271707%27%20fill-opacity%3D%220%22%2F%3E%3C%2Fsvg%3E\" data-orig-src=\"https:\/\/gesamtschule-waldbroel.de\/wp\/wp-content\/uploads\/2019\/12\/22-1-scaled.jpg\" data-type=\"wpmfgalleryimg\" data-attachment-id=\"8836\" data-wpmf-size=\"large\" data-lazy-src=\"https:\/\/gesamtschule-waldbroel.de\/wp\/wp-content\/uploads\/2019\/12\/22-1-scaled.jpg\"><\/a><\/div><\/div><div class=\"wpmf-gallery-item\n     wpmf-gallery-item-position-15 wpmf-gallery-item-attachment-8837\" data-index=\"15\"><div class=\"wpmf-gallery-icon\"><a class=\" not_video noLightbox\" data-lightbox=\"1\" data-href=\"https:\/\/gesamtschule-waldbroel.de\/wp\/wp-content\/uploads\/2019\/12\/23-1-scaled.jpg\" title=\"23\" target=\"_self\" data-index=\"15\"><img decoding=\"async\" class=\"lazyload wpmf_img\" alt=\"23\" src=\"data:image\/svg+xml,%3Csvg%20xmlns%3D%27http%3A%2F%2Fwww.w3.org%2F2000%2Fsvg%27%20width%3D%272560%27%20height%3D%271707%27%20viewBox%3D%270%200%202560%201707%27%3E%3Crect%20width%3D%272560%27%20height%3D%271707%27%20fill-opacity%3D%220%22%2F%3E%3C%2Fsvg%3E\" data-orig-src=\"https:\/\/gesamtschule-waldbroel.de\/wp\/wp-content\/uploads\/2019\/12\/23-1-scaled.jpg\" data-type=\"wpmfgalleryimg\" data-attachment-id=\"8837\" data-wpmf-size=\"large\" data-lazy-src=\"https:\/\/gesamtschule-waldbroel.de\/wp\/wp-content\/uploads\/2019\/12\/23-1-scaled.jpg\"><\/a><\/div><\/div><div class=\"wpmf-gallery-item\n     wpmf-gallery-item-position-16 wpmf-gallery-item-attachment-8838\" data-index=\"16\"><div class=\"wpmf-gallery-icon\"><a class=\" not_video noLightbox\" data-lightbox=\"1\" data-href=\"https:\/\/gesamtschule-waldbroel.de\/wp\/wp-content\/uploads\/2019\/12\/24-1-scaled.jpg\" title=\"24\" target=\"_self\" data-index=\"16\"><img decoding=\"async\" class=\"lazyload wpmf_img\" alt=\"24\" src=\"data:image\/svg+xml,%3Csvg%20xmlns%3D%27http%3A%2F%2Fwww.w3.org%2F2000%2Fsvg%27%20width%3D%272560%27%20height%3D%271707%27%20viewBox%3D%270%200%202560%201707%27%3E%3Crect%20width%3D%272560%27%20height%3D%271707%27%20fill-opacity%3D%220%22%2F%3E%3C%2Fsvg%3E\" data-orig-src=\"https:\/\/gesamtschule-waldbroel.de\/wp\/wp-content\/uploads\/2019\/12\/24-1-scaled.jpg\" data-type=\"wpmfgalleryimg\" data-attachment-id=\"8838\" data-wpmf-size=\"large\" data-lazy-src=\"https:\/\/gesamtschule-waldbroel.de\/wp\/wp-content\/uploads\/2019\/12\/24-1-scaled.jpg\"><\/a><\/div><\/div><div class=\"wpmf-gallery-item\n     wpmf-gallery-item-position-17 wpmf-gallery-item-attachment-8839\" data-index=\"17\"><div class=\"wpmf-gallery-icon\"><a class=\" not_video noLightbox\" data-lightbox=\"1\" data-href=\"https:\/\/gesamtschule-waldbroel.de\/wp\/wp-content\/uploads\/2019\/12\/25-1-scaled.jpg\" title=\"25\" target=\"_self\" data-index=\"17\"><img decoding=\"async\" class=\"lazyload wpmf_img\" alt=\"25\" src=\"data:image\/svg+xml,%3Csvg%20xmlns%3D%27http%3A%2F%2Fwww.w3.org%2F2000%2Fsvg%27%20width%3D%272560%27%20height%3D%271707%27%20viewBox%3D%270%200%202560%201707%27%3E%3Crect%20width%3D%272560%27%20height%3D%271707%27%20fill-opacity%3D%220%22%2F%3E%3C%2Fsvg%3E\" data-orig-src=\"https:\/\/gesamtschule-waldbroel.de\/wp\/wp-content\/uploads\/2019\/12\/25-1-scaled.jpg\" data-type=\"wpmfgalleryimg\" data-attachment-id=\"8839\" data-wpmf-size=\"large\" data-lazy-src=\"https:\/\/gesamtschule-waldbroel.de\/wp\/wp-content\/uploads\/2019\/12\/25-1-scaled.jpg\"><\/a><\/div><\/div><div class=\"wpmf-gallery-item\n     wpmf-gallery-item-position-18 wpmf-gallery-item-attachment-8840\" data-index=\"18\"><div class=\"wpmf-gallery-icon\"><a class=\" not_video noLightbox\" data-lightbox=\"1\" data-href=\"https:\/\/gesamtschule-waldbroel.de\/wp\/wp-content\/uploads\/2019\/12\/26-1-scaled.jpg\" title=\"26\" target=\"_self\" data-index=\"18\"><img decoding=\"async\" class=\"lazyload wpmf_img\" alt=\"26\" src=\"data:image\/svg+xml,%3Csvg%20xmlns%3D%27http%3A%2F%2Fwww.w3.org%2F2000%2Fsvg%27%20width%3D%272560%27%20height%3D%271707%27%20viewBox%3D%270%200%202560%201707%27%3E%3Crect%20width%3D%272560%27%20height%3D%271707%27%20fill-opacity%3D%220%22%2F%3E%3C%2Fsvg%3E\" data-orig-src=\"https:\/\/gesamtschule-waldbroel.de\/wp\/wp-content\/uploads\/2019\/12\/26-1-scaled.jpg\" data-type=\"wpmfgalleryimg\" data-attachment-id=\"8840\" data-wpmf-size=\"large\" data-lazy-src=\"https:\/\/gesamtschule-waldbroel.de\/wp\/wp-content\/uploads\/2019\/12\/26-1-scaled.jpg\"><\/a><\/div><\/div><div class=\"wpmf-gallery-item\n     wpmf-gallery-item-position-19 wpmf-gallery-item-attachment-8841\" data-index=\"19\"><div class=\"wpmf-gallery-icon\"><a class=\" not_video noLightbox\" data-lightbox=\"1\" data-href=\"https:\/\/gesamtschule-waldbroel.de\/wp\/wp-content\/uploads\/2019\/12\/27-1-scaled.jpg\" title=\"27\" target=\"_self\" data-index=\"19\"><img decoding=\"async\" class=\"lazyload wpmf_img\" alt=\"27\" src=\"data:image\/svg+xml,%3Csvg%20xmlns%3D%27http%3A%2F%2Fwww.w3.org%2F2000%2Fsvg%27%20width%3D%272560%27%20height%3D%271707%27%20viewBox%3D%270%200%202560%201707%27%3E%3Crect%20width%3D%272560%27%20height%3D%271707%27%20fill-opacity%3D%220%22%2F%3E%3C%2Fsvg%3E\" data-orig-src=\"https:\/\/gesamtschule-waldbroel.de\/wp\/wp-content\/uploads\/2019\/12\/27-1-scaled.jpg\" data-type=\"wpmfgalleryimg\" data-attachment-id=\"8841\" data-wpmf-size=\"large\" data-lazy-src=\"https:\/\/gesamtschule-waldbroel.de\/wp\/wp-content\/uploads\/2019\/12\/27-1-scaled.jpg\"><\/a><\/div><\/div><div class=\"wpmf-gallery-item\n     wpmf-gallery-item-position-20 wpmf-gallery-item-attachment-8842\" data-index=\"20\"><div class=\"wpmf-gallery-icon\"><a class=\" not_video noLightbox\" data-lightbox=\"1\" data-href=\"https:\/\/gesamtschule-waldbroel.de\/wp\/wp-content\/uploads\/2019\/12\/28-1-scaled.jpg\" title=\"28\" target=\"_self\" data-index=\"20\"><img decoding=\"async\" class=\"lazyload wpmf_img\" alt=\"28\" src=\"data:image\/svg+xml,%3Csvg%20xmlns%3D%27http%3A%2F%2Fwww.w3.org%2F2000%2Fsvg%27%20width%3D%272560%27%20height%3D%271707%27%20viewBox%3D%270%200%202560%201707%27%3E%3Crect%20width%3D%272560%27%20height%3D%271707%27%20fill-opacity%3D%220%22%2F%3E%3C%2Fsvg%3E\" data-orig-src=\"https:\/\/gesamtschule-waldbroel.de\/wp\/wp-content\/uploads\/2019\/12\/28-1-scaled.jpg\" data-type=\"wpmfgalleryimg\" data-attachment-id=\"8842\" data-wpmf-size=\"large\" data-lazy-src=\"https:\/\/gesamtschule-waldbroel.de\/wp\/wp-content\/uploads\/2019\/12\/28-1-scaled.jpg\"><\/a><\/div><\/div><div class=\"wpmf-gallery-item\n     wpmf-gallery-item-position-21 wpmf-gallery-item-attachment-8843\" data-index=\"21\"><div class=\"wpmf-gallery-icon\"><a class=\" not_video noLightbox\" data-lightbox=\"1\" data-href=\"https:\/\/gesamtschule-waldbroel.de\/wp\/wp-content\/uploads\/2019\/12\/29-1-scaled.jpg\" title=\"29\" target=\"_self\" data-index=\"21\"><img decoding=\"async\" class=\"lazyload wpmf_img\" alt=\"29\" src=\"data:image\/svg+xml,%3Csvg%20xmlns%3D%27http%3A%2F%2Fwww.w3.org%2F2000%2Fsvg%27%20width%3D%272560%27%20height%3D%271707%27%20viewBox%3D%270%200%202560%201707%27%3E%3Crect%20width%3D%272560%27%20height%3D%271707%27%20fill-opacity%3D%220%22%2F%3E%3C%2Fsvg%3E\" data-orig-src=\"https:\/\/gesamtschule-waldbroel.de\/wp\/wp-content\/uploads\/2019\/12\/29-1-scaled.jpg\" data-type=\"wpmfgalleryimg\" data-attachment-id=\"8843\" data-wpmf-size=\"large\" data-lazy-src=\"https:\/\/gesamtschule-waldbroel.de\/wp\/wp-content\/uploads\/2019\/12\/29-1-scaled.jpg\"><\/a><\/div><\/div><div class=\"wpmf-gallery-item\n     wpmf-gallery-item-position-22 wpmf-gallery-item-attachment-8817\" data-index=\"22\"><div class=\"wpmf-gallery-icon\"><a class=\" not_video noLightbox\" data-lightbox=\"1\" data-href=\"https:\/\/gesamtschule-waldbroel.de\/wp\/wp-content\/uploads\/2019\/12\/3-1-scaled.jpg\" title=\"3\" target=\"_self\" data-index=\"22\"><img decoding=\"async\" class=\"lazyload wpmf_img\" alt=\"3\" src=\"data:image\/svg+xml,%3Csvg%20xmlns%3D%27http%3A%2F%2Fwww.w3.org%2F2000%2Fsvg%27%20width%3D%272560%27%20height%3D%271707%27%20viewBox%3D%270%200%202560%201707%27%3E%3Crect%20width%3D%272560%27%20height%3D%271707%27%20fill-opacity%3D%220%22%2F%3E%3C%2Fsvg%3E\" data-orig-src=\"https:\/\/gesamtschule-waldbroel.de\/wp\/wp-content\/uploads\/2019\/12\/3-1-scaled.jpg\" data-type=\"wpmfgalleryimg\" data-attachment-id=\"8817\" data-wpmf-size=\"large\" data-lazy-src=\"https:\/\/gesamtschule-waldbroel.de\/wp\/wp-content\/uploads\/2019\/12\/3-1-scaled.jpg\"><\/a><\/div><\/div><div class=\"wpmf-gallery-item\n     wpmf-gallery-item-position-23 wpmf-gallery-item-attachment-8844\" data-index=\"23\"><div class=\"wpmf-gallery-icon\"><a class=\" not_video noLightbox\" data-lightbox=\"1\" data-href=\"https:\/\/gesamtschule-waldbroel.de\/wp\/wp-content\/uploads\/2019\/12\/30-1-scaled.jpg\" title=\"30\" target=\"_self\" data-index=\"23\"><img decoding=\"async\" class=\"lazyload wpmf_img\" alt=\"30\" src=\"data:image\/svg+xml,%3Csvg%20xmlns%3D%27http%3A%2F%2Fwww.w3.org%2F2000%2Fsvg%27%20width%3D%272560%27%20height%3D%271707%27%20viewBox%3D%270%200%202560%201707%27%3E%3Crect%20width%3D%272560%27%20height%3D%271707%27%20fill-opacity%3D%220%22%2F%3E%3C%2Fsvg%3E\" data-orig-src=\"https:\/\/gesamtschule-waldbroel.de\/wp\/wp-content\/uploads\/2019\/12\/30-1-scaled.jpg\" data-type=\"wpmfgalleryimg\" data-attachment-id=\"8844\" data-wpmf-size=\"large\" data-lazy-src=\"https:\/\/gesamtschule-waldbroel.de\/wp\/wp-content\/uploads\/2019\/12\/30-1-scaled.jpg\"><\/a><\/div><\/div><div class=\"wpmf-gallery-item\n     wpmf-gallery-item-position-24 wpmf-gallery-item-attachment-8814\" data-index=\"24\"><div class=\"wpmf-gallery-icon\"><a class=\" not_video noLightbox\" data-lightbox=\"1\" data-href=\"https:\/\/gesamtschule-waldbroel.de\/wp\/wp-content\/uploads\/2019\/12\/31-1-scaled.jpg\" title=\"31\" target=\"_self\" data-index=\"24\"><img decoding=\"async\" class=\"lazyload wpmf_img\" alt=\"31\" src=\"data:image\/svg+xml,%3Csvg%20xmlns%3D%27http%3A%2F%2Fwww.w3.org%2F2000%2Fsvg%27%20width%3D%272560%27%20height%3D%271707%27%20viewBox%3D%270%200%202560%201707%27%3E%3Crect%20width%3D%272560%27%20height%3D%271707%27%20fill-opacity%3D%220%22%2F%3E%3C%2Fsvg%3E\" data-orig-src=\"https:\/\/gesamtschule-waldbroel.de\/wp\/wp-content\/uploads\/2019\/12\/31-1-scaled.jpg\" data-type=\"wpmfgalleryimg\" data-attachment-id=\"8814\" data-wpmf-size=\"large\" data-lazy-src=\"https:\/\/gesamtschule-waldbroel.de\/wp\/wp-content\/uploads\/2019\/12\/31-1-scaled.jpg\"><\/a><\/div><\/div><div class=\"wpmf-gallery-item\n     wpmf-gallery-item-position-25 wpmf-gallery-item-attachment-8818\" data-index=\"25\"><div class=\"wpmf-gallery-icon\"><a class=\" not_video noLightbox\" data-lightbox=\"1\" data-href=\"https:\/\/gesamtschule-waldbroel.de\/wp\/wp-content\/uploads\/2019\/12\/4-1-scaled.jpg\" title=\"4\" target=\"_self\" data-index=\"25\"><img decoding=\"async\" class=\"lazyload wpmf_img\" alt=\"4\" src=\"data:image\/svg+xml,%3Csvg%20xmlns%3D%27http%3A%2F%2Fwww.w3.org%2F2000%2Fsvg%27%20width%3D%271707%27%20height%3D%272560%27%20viewBox%3D%270%200%201707%202560%27%3E%3Crect%20width%3D%271707%27%20height%3D%272560%27%20fill-opacity%3D%220%22%2F%3E%3C%2Fsvg%3E\" data-orig-src=\"https:\/\/gesamtschule-waldbroel.de\/wp\/wp-content\/uploads\/2019\/12\/4-1-scaled.jpg\" data-type=\"wpmfgalleryimg\" data-attachment-id=\"8818\" data-wpmf-size=\"large\" data-lazy-src=\"https:\/\/gesamtschule-waldbroel.de\/wp\/wp-content\/uploads\/2019\/12\/4-1-scaled.jpg\"><\/a><\/div><\/div><div class=\"wpmf-gallery-item\n     wpmf-gallery-item-position-26 wpmf-gallery-item-attachment-8819\" data-index=\"26\"><div class=\"wpmf-gallery-icon\"><a class=\" not_video noLightbox\" data-lightbox=\"1\" data-href=\"https:\/\/gesamtschule-waldbroel.de\/wp\/wp-content\/uploads\/2019\/12\/5-1-scaled.jpg\" title=\"5\" target=\"_self\" data-index=\"26\"><img decoding=\"async\" class=\"lazyload wpmf_img\" alt=\"5\" src=\"data:image\/svg+xml,%3Csvg%20xmlns%3D%27http%3A%2F%2Fwww.w3.org%2F2000%2Fsvg%27%20width%3D%272560%27%20height%3D%271707%27%20viewBox%3D%270%200%202560%201707%27%3E%3Crect%20width%3D%272560%27%20height%3D%271707%27%20fill-opacity%3D%220%22%2F%3E%3C%2Fsvg%3E\" data-orig-src=\"https:\/\/gesamtschule-waldbroel.de\/wp\/wp-content\/uploads\/2019\/12\/5-1-scaled.jpg\" data-type=\"wpmfgalleryimg\" data-attachment-id=\"8819\" data-wpmf-size=\"large\" data-lazy-src=\"https:\/\/gesamtschule-waldbroel.de\/wp\/wp-content\/uploads\/2019\/12\/5-1-scaled.jpg\"><\/a><\/div><\/div><div class=\"wpmf-gallery-item\n     wpmf-gallery-item-position-27 wpmf-gallery-item-attachment-8820\" data-index=\"27\"><div class=\"wpmf-gallery-icon\"><a class=\" not_video noLightbox\" data-lightbox=\"1\" data-href=\"https:\/\/gesamtschule-waldbroel.de\/wp\/wp-content\/uploads\/2019\/12\/6-1-scaled.jpg\" title=\"6\" target=\"_self\" data-index=\"27\"><img decoding=\"async\" class=\"lazyload wpmf_img\" alt=\"6\" src=\"data:image\/svg+xml,%3Csvg%20xmlns%3D%27http%3A%2F%2Fwww.w3.org%2F2000%2Fsvg%27%20width%3D%271707%27%20height%3D%272560%27%20viewBox%3D%270%200%201707%202560%27%3E%3Crect%20width%3D%271707%27%20height%3D%272560%27%20fill-opacity%3D%220%22%2F%3E%3C%2Fsvg%3E\" data-orig-src=\"https:\/\/gesamtschule-waldbroel.de\/wp\/wp-content\/uploads\/2019\/12\/6-1-scaled.jpg\" data-type=\"wpmfgalleryimg\" data-attachment-id=\"8820\" data-wpmf-size=\"large\" data-lazy-src=\"https:\/\/gesamtschule-waldbroel.de\/wp\/wp-content\/uploads\/2019\/12\/6-1-scaled.jpg\"><\/a><\/div><\/div><div class=\"wpmf-gallery-item\n     wpmf-gallery-item-position-28 wpmf-gallery-item-attachment-8821\" data-index=\"28\"><div class=\"wpmf-gallery-icon\"><a class=\" not_video noLightbox\" data-lightbox=\"1\" data-href=\"https:\/\/gesamtschule-waldbroel.de\/wp\/wp-content\/uploads\/2019\/12\/7-1-scaled.jpg\" title=\"7\" target=\"_self\" data-index=\"28\"><img decoding=\"async\" class=\"lazyload wpmf_img\" alt=\"7\" src=\"data:image\/svg+xml,%3Csvg%20xmlns%3D%27http%3A%2F%2Fwww.w3.org%2F2000%2Fsvg%27%20width%3D%271707%27%20height%3D%272560%27%20viewBox%3D%270%200%201707%202560%27%3E%3Crect%20width%3D%271707%27%20height%3D%272560%27%20fill-opacity%3D%220%22%2F%3E%3C%2Fsvg%3E\" data-orig-src=\"https:\/\/gesamtschule-waldbroel.de\/wp\/wp-content\/uploads\/2019\/12\/7-1-scaled.jpg\" data-type=\"wpmfgalleryimg\" data-attachment-id=\"8821\" data-wpmf-size=\"large\" data-lazy-src=\"https:\/\/gesamtschule-waldbroel.de\/wp\/wp-content\/uploads\/2019\/12\/7-1-scaled.jpg\"><\/a><\/div><\/div><div class=\"wpmf-gallery-item\n     wpmf-gallery-item-position-29 wpmf-gallery-item-attachment-8822\" data-index=\"29\"><div class=\"wpmf-gallery-icon\"><a class=\" not_video noLightbox\" data-lightbox=\"1\" data-href=\"https:\/\/gesamtschule-waldbroel.de\/wp\/wp-content\/uploads\/2019\/12\/8-1-scaled.jpg\" title=\"8\" target=\"_self\" data-index=\"29\"><img decoding=\"async\" class=\"lazyload wpmf_img\" alt=\"8\" src=\"data:image\/svg+xml,%3Csvg%20xmlns%3D%27http%3A%2F%2Fwww.w3.org%2F2000%2Fsvg%27%20width%3D%272560%27%20height%3D%271707%27%20viewBox%3D%270%200%202560%201707%27%3E%3Crect%20width%3D%272560%27%20height%3D%271707%27%20fill-opacity%3D%220%22%2F%3E%3C%2Fsvg%3E\" data-orig-src=\"https:\/\/gesamtschule-waldbroel.de\/wp\/wp-content\/uploads\/2019\/12\/8-1-scaled.jpg\" data-type=\"wpmfgalleryimg\" data-attachment-id=\"8822\" data-wpmf-size=\"large\" data-lazy-src=\"https:\/\/gesamtschule-waldbroel.de\/wp\/wp-content\/uploads\/2019\/12\/8-1-scaled.jpg\"><\/a><\/div><\/div><div class=\"wpmf-gallery-item\n     wpmf-gallery-item-position-30 wpmf-gallery-item-attachment-8823\" data-index=\"30\"><div class=\"wpmf-gallery-icon\"><a class=\" not_video noLightbox\" data-lightbox=\"1\" data-href=\"https:\/\/gesamtschule-waldbroel.de\/wp\/wp-content\/uploads\/2019\/12\/9-1-scaled.jpg\" title=\"9\" target=\"_self\" data-index=\"30\"><img decoding=\"async\" class=\"lazyload wpmf_img\" alt=\"9\" src=\"data:image\/svg+xml,%3Csvg%20xmlns%3D%27http%3A%2F%2Fwww.w3.org%2F2000%2Fsvg%27%20width%3D%272560%27%20height%3D%271707%27%20viewBox%3D%270%200%202560%201707%27%3E%3Crect%20width%3D%272560%27%20height%3D%271707%27%20fill-opacity%3D%220%22%2F%3E%3C%2Fsvg%3E\" data-orig-src=\"https:\/\/gesamtschule-waldbroel.de\/wp\/wp-content\/uploads\/2019\/12\/9-1-scaled.jpg\" data-type=\"wpmfgalleryimg\" data-attachment-id=\"8823\" data-wpmf-size=\"large\" data-lazy-src=\"https:\/\/gesamtschule-waldbroel.de\/wp\/wp-content\/uploads\/2019\/12\/9-1-scaled.jpg\"><\/a><\/div><\/div><\/div><\/div>\n\n","protected":false},"excerpt":{"rendered":"<p>\u201eStille Nacht\u201c, \u201eIn der sch\u00f6nen Weihnachtszeit\u201c, \u201eWie die Weihnachtsgeschichte heute ablaufen w\u00fcrde\u201c \u2013 das Programmheft der diesj\u00e4hrigen Revue \u201eLichter im Advent\u201c machte kein Geheimnis um den Charakter der Veranstaltung. Mit einem stimmungsvollen Lichterfest l\u00e4utete die Gesamtschule das Ende des Kalenderjahres ein. Die Veranstaltung, 2015 zur damaligen \u00dcbergabe der neuen Lichtanlage der Gesamtschule durch den F\u00f6rderverein  [mehr&#8230;]<\/p>\n","protected":false},"author":1,"featured_media":8796,"comment_status":"closed","ping_status":"open","sticky":false,"template":"","format":"standard","meta":{"xn-wppe-expiration":[],"xn-wppe-expiration-action":[],"xn-wppe-expiration-prefix":[],"footnotes":""},"categories":[19,20,12,104,238,105,121,21,48],"tags":[],"class_list":["post-8771","post","type-post","status-publish","format-standard","has-post-thumbnail","hentry","category-abteilung-i","category-abteilung-ii","category-aktuelles","category-blaeserklasse","category-foerderverein","category-kreativklasse","category-literatur","category-oberstufe","category-veranstaltungen"],"aioseo_notices":[],"_links":{"self":[{"href":"https:\/\/gesamtschule-waldbroel.de\/wp\/wp-json\/wp\/v2\/posts\/8771","targetHints":{"allow":["GET"]}}],"collection":[{"href":"https:\/\/gesamtschule-waldbroel.de\/wp\/wp-json\/wp\/v2\/posts"}],"about":[{"href":"https:\/\/gesamtschule-waldbroel.de\/wp\/wp-json\/wp\/v2\/types\/post"}],"author":[{"embeddable":true,"href":"https:\/\/gesamtschule-waldbroel.de\/wp\/wp-json\/wp\/v2\/users\/1"}],"replies":[{"embeddable":true,"href":"https:\/\/gesamtschule-waldbroel.de\/wp\/wp-json\/wp\/v2\/comments?post=8771"}],"version-history":[{"count":3,"href":"https:\/\/gesamtschule-waldbroel.de\/wp\/wp-json\/wp\/v2\/posts\/8771\/revisions"}],"predecessor-version":[{"id":8852,"href":"https:\/\/gesamtschule-waldbroel.de\/wp\/wp-json\/wp\/v2\/posts\/8771\/revisions\/8852"}],"wp:featuredmedia":[{"embeddable":true,"href":"https:\/\/gesamtschule-waldbroel.de\/wp\/wp-json\/wp\/v2\/media\/8796"}],"wp:attachment":[{"href":"https:\/\/gesamtschule-waldbroel.de\/wp\/wp-json\/wp\/v2\/media?parent=8771"}],"wp:term":[{"taxonomy":"category","embeddable":true,"href":"https:\/\/gesamtschule-waldbroel.de\/wp\/wp-json\/wp\/v2\/categories?post=8771"},{"taxonomy":"post_tag","embeddable":true,"href":"https:\/\/gesamtschule-waldbroel.de\/wp\/wp-json\/wp\/v2\/tags?post=8771"}],"curies":[{"name":"wp","href":"https:\/\/api.w.org\/{rel}","templated":true}]}}